{"id":2827,"date":"2024-06-21T14:26:54","date_gmt":"2024-06-21T14:26:54","guid":{"rendered":"https:\/\/www.dailyfy.co\/?p=2827"},"modified":"2025-01-03T14:17:25","modified_gmt":"2025-01-03T14:17:25","slug":"marronnier-septembre-2024","status":"publish","type":"post","link":"https:\/\/www.dailyfy.co\/fr\/blog\/marronnier-septembre-2024\/","title":{"rendered":"Marronnier septembre 2024"},"content":{"rendered":"\n<p>Que vous soyez un community manager chevronn\u00e9 ou une marque d\u00e9sireuse de r\u00e9sonner avec votre public, le marronnier de septembre 2024 est un alli\u00e9 indispensable. Cet article vous d\u00e9voile les \u00e9v\u00e9nements marquants du mois, vous permettant de cr\u00e9er du contenu percutant et de nouer des liens durables avec votre communaut\u00e9 en ligne.<\/p>\n\n\n\n<p>Voici quelques dates indispensables pour le mois de septembre :<\/p>\n\n\n\n<p>02 septembre : Rentr\u00e9e scolaire \ud83c\udf92<\/p>\n\n\n\n<p>05 septembre : Journ\u00e9e internationale de la charit\u00e9 \ud83e\udd1d<\/p>\n\n\n\n<p>07 septembre : Journ\u00e9e mondiale de la barbe \ud83e\uddd4\u200d\u2642\ufe0f<\/p>\n\n\n\n<p>08 septembre : Fashion Week de New-York \ud83d\udecd<\/p>\n\n\n\n<p>09 septembre : Journ\u00e9e mondiale de la peluche \ud83e\uddf8<\/p>\n\n\n\n<p>13 septembre : Journ\u00e9e mondiale des programmeurs et d\u00e9veloppeurs \ud83d\udcf2<\/p>\n\n\n\n<p>15 septembre : Journ\u00e9e internationale de la d\u00e9mocratie \ud83d\uddf3<\/p>\n\n\n\n<p>16 septembre : World Cleanup Day \ud83c\udf31<\/p>\n\n\n\n<p>18 septembre : Journ\u00e9e mondiale de l&#8217;\u00e9galit\u00e9 salariale \u2696\ufe0f<\/p>\n\n\n\n<p>21 septembre : Journ\u00e9es europ\u00e9ennes du patrimoine \ud83c\udff0<\/p>\n\n\n\n<p>21 septembre : Oktoberfest \ud83c\udf7a<\/p>\n\n\n\n<p>22 septembre : Automne \ud83c\udf42<\/p>\n\n\n\n<p>23 septembre : Fashion Week de Paris \ud83d\udecd<\/p>\n\n\n\n<p>27 septembre : Journ\u00e9e mondiale du tourisme \u26f0<\/p>\n\n\n\n<p>28 septembre : Journ\u00e9e mondiale du droit \u00e0 l&#8217;avortement \u270a<\/p>\n\n\n\n<p>D\u00e9couvrez d\u00e8s maintenant notre marronnier pour le mois d&#8217;octobre, en <a href=\"https:\/\/www.dailyfy.co\/fr\/blog\/marronnier-octobre\/\" title=\"\">cliquant ici<\/a>.<\/p>\n\n\n\n<p><\/p>\n","protected":false},"excerpt":{"rendered":"<p>Que vous soyez un community manager chevronn\u00e9 ou une marque [&hellip;]<\/p>\n","protected":false},"author":3,"featured_media":3099,"comment_status":"closed","ping_status":"closed","sticky":false,"template":"","format":"standard","meta":{"footnotes":""},"categories":[46,33],"tags":[],"class_list":["post-2827","post","type-post","status-publish","format-standard","has-post-thumbnail","hentry","category-marronnier","category-social-media-marketing"],"aioseo_notices":[],"_links":{"self":[{"href":"https:\/\/www.dailyfy.co\/fr\/wp-json\/wp\/v2\/posts\/2827","targetHints":{"allow":["GET"]}}],"collection":[{"href":"https:\/\/www.dailyfy.co\/fr\/wp-json\/wp\/v2\/posts"}],"about":[{"href":"https:\/\/www.dailyfy.co\/fr\/wp-json\/wp\/v2\/types\/post"}],"author":[{"embeddable":true,"href":"https:\/\/www.dailyfy.co\/fr\/wp-json\/wp\/v2\/users\/3"}],"replies":[{"embeddable":true,"href":"https:\/\/www.dailyfy.co\/fr\/wp-json\/wp\/v2\/comments?post=2827"}],"version-history":[{"count":2,"href":"https:\/\/www.dailyfy.co\/fr\/wp-json\/wp\/v2\/posts\/2827\/revisions"}],"predecessor-version":[{"id":3828,"href":"https:\/\/www.dailyfy.co\/fr\/wp-json\/wp\/v2\/posts\/2827\/revisions\/3828"}],"wp:featuredmedia":[{"embeddable":true,"href":"https:\/\/www.dailyfy.co\/fr\/wp-json\/wp\/v2\/media\/3099"}],"wp:attachment":[{"href":"https:\/\/www.dailyfy.co\/fr\/wp-json\/wp\/v2\/media?parent=2827"}],"wp:term":[{"taxonomy":"category","embeddable":true,"href":"https:\/\/www.dailyfy.co\/fr\/wp-json\/wp\/v2\/categories?post=2827"},{"taxonomy":"post_tag","embeddable":true,"href":"https:\/\/www.dailyfy.co\/fr\/wp-json\/wp\/v2\/tags?post=2827"}],"curies":[{"name":"wp","href":"https:\/\/api.w.org\/{rel}","templated":true}]}}