{"id":2809,"date":"2024-06-18T10:15:05","date_gmt":"2024-06-18T10:15:05","guid":{"rendered":"https:\/\/www.dailyfy.co\/?p=2809"},"modified":"2025-01-26T11:07:44","modified_gmt":"2025-01-26T11:07:44","slug":"quel-format-instagram-choisir-pour-vos-visuels-en-2024","status":"publish","type":"post","link":"https:\/\/www.dailyfy.co\/fr\/blog\/quel-format-instagram-choisir-pour-vos-visuels-en-2024\/","title":{"rendered":"Quels formats Instagram utiliser pour maximiser l&#8217;impact visuel ?"},"content":{"rendered":"\t\t<div data-elementor-type=\"wp-post\" data-elementor-id=\"2809\" class=\"elementor elementor-2809\" data-elementor-settings=\"{&quot;element_pack_global_tooltip_width&quot;:{&quot;unit&quot;:&quot;px&quot;,&quot;size&quot;:&quot;&quot;,&quot;sizes&quot;:[]},&quot;element_pack_global_tooltip_width_tablet&quot;:{&quot;unit&quot;:&quot;px&quot;,&quot;size&quot;:&quot;&quot;,&quot;sizes&quot;:[]},&quot;element_pack_global_tooltip_width_mobile&quot;:{&quot;unit&quot;:&quot;px&quot;,&quot;size&quot;:&quot;&quot;,&quot;sizes&quot;:[]},&quot;element_pack_global_tooltip_padding&quot;:{&quot;unit&quot;:&quot;px&quot;,&quot;top&quot;:&quot;&quot;,&quot;right&quot;:&quot;&quot;,&quot;bottom&quot;:&quot;&quot;,&quot;left&quot;:&quot;&quot;,&quot;isLinked&quot;:true},&quot;element_pack_global_tooltip_padding_tablet&quot;:{&quot;unit&quot;:&quot;px&quot;,&quot;top&quot;:&quot;&quot;,&quot;right&quot;:&quot;&quot;,&quot;bottom&quot;:&quot;&quot;,&quot;left&quot;:&quot;&quot;,&quot;isLinked&quot;:true},&quot;element_pack_global_tooltip_padding_mobile&quot;:{&quot;unit&quot;:&quot;px&quot;,&quot;top&quot;:&quot;&quot;,&quot;right&quot;:&quot;&quot;,&quot;bottom&quot;:&quot;&quot;,&quot;left&quot;:&quot;&quot;,&quot;isLinked&quot;:true},&quot;element_pack_global_tooltip_border_radius&quot;:{&quot;unit&quot;:&quot;px&quot;,&quot;top&quot;:&quot;&quot;,&quot;right&quot;:&quot;&quot;,&quot;bottom&quot;:&quot;&quot;,&quot;left&quot;:&quot;&quot;,&quot;isLinked&quot;:true},&quot;element_pack_global_tooltip_border_radius_tablet&quot;:{&quot;unit&quot;:&quot;px&quot;,&quot;top&quot;:&quot;&quot;,&quot;right&quot;:&quot;&quot;,&quot;bottom&quot;:&quot;&quot;,&quot;left&quot;:&quot;&quot;,&quot;isLinked&quot;:true},&quot;element_pack_global_tooltip_border_radius_mobile&quot;:{&quot;unit&quot;:&quot;px&quot;,&quot;top&quot;:&quot;&quot;,&quot;right&quot;:&quot;&quot;,&quot;bottom&quot;:&quot;&quot;,&quot;left&quot;:&quot;&quot;,&quot;isLinked&quot;:true}}\">\n\t\t\t\t\t\t<section class=\"elementor-section elementor-top-section elementor-element elementor-element-5c81866 elementor-section-boxed elementor-section-height-default elementor-section-height-default\" data-id=\"5c81866\" data-element_type=\"section\">\n\t\t\t\t\t\t<div class=\"elementor-container elementor-column-gap-default\">\n\t\t\t\t\t<div class=\"elementor-column elementor-col-100 elementor-top-column elementor-element elementor-element-05128ca\" data-id=\"05128ca\" data-element_type=\"column\">\n\t\t\t<div class=\"elementor-widget-wrap elementor-element-populated\">\n\t\t\t\t\t\t<div class=\"elementor-element elementor-element-71c2c28 elementor-widget elementor-widget-text-editor\" data-id=\"71c2c28\" data-element_type=\"widget\" data-widget_type=\"text-editor.default\">\n\t\t\t\t<div class=\"elementor-widget-container\">\n\t\t\t<style>\/*! elementor - v3.23.0 - 05-08-2024 *\/\n.elementor-widget-text-editor.elementor-drop-cap-view-stacked .elementor-drop-cap{background-color:#69727d;color:#fff}.elementor-widget-text-editor.elementor-drop-cap-view-framed .elementor-drop-cap{color:#69727d;border:3px solid;background-color:transparent}.elementor-widget-text-editor:not(.elementor-drop-cap-view-default) .elementor-drop-cap{margin-top:8px}.elementor-widget-text-editor:not(.elementor-drop-cap-view-default) .elementor-drop-cap-letter{width:1em;height:1em}.elementor-widget-text-editor .elementor-drop-cap{float:left;text-align:center;line-height:1;font-size:50px}.elementor-widget-text-editor .elementor-drop-cap-letter{display:inline-block}<\/style>\t\t\t\t<p>Aujourd&#8217;hui, Instagram est devenu la plateforme incontournable pour <strong>partager du contenu visuel accrocheur<\/strong> comme des photos, vid\u00e9os ou stories Instagram. Avec pr\u00e8s de 2 milliards d&#8217;utilisateurs actifs, il est essentiel d&#8217;optimiser vos visuels en respectant les formats Instagram recommand\u00e9s afin d&#8217;augmenter l&#8217;engagement de votre audience et la visibilit\u00e9 de vos publications.<br \/>Dans cet article, nous examinerons les <strong>diff\u00e9rents formats Instagram \u00e0 privil\u00e9gier en 2024<\/strong>, que ce soit pour vos stories Instagram, vos vid\u00e9os Instagram et reels Instagram, vos carrousels Instagram ou encore vos photos de profil Instagram. Nous aborderons \u00e9galement les dimensions optimales pour vos publications Instagram afin de maximiser leur impact sur vos abonn\u00e9s.<\/p>\t\t\t\t\t\t<\/div>\n\t\t\t\t<\/div>\n\t\t\t\t<div class=\"elementor-element elementor-element-fa7a6f3 elementor-widget elementor-widget-heading\" data-id=\"fa7a6f3\" data-element_type=\"widget\" data-widget_type=\"heading.default\">\n\t\t\t\t<div class=\"elementor-widget-container\">\n\t\t\t<style>\/*! elementor - v3.23.0 - 05-08-2024 *\/\n.elementor-heading-title{padding:0;margin:0;line-height:1}.elementor-widget-heading .elementor-heading-title[class*=elementor-size-]>a{color:inherit;font-size:inherit;line-height:inherit}.elementor-widget-heading .elementor-heading-title.elementor-size-small{font-size:15px}.elementor-widget-heading .elementor-heading-title.elementor-size-medium{font-size:19px}.elementor-widget-heading .elementor-heading-title.elementor-size-large{font-size:29px}.elementor-widget-heading .elementor-heading-title.elementor-size-xl{font-size:39px}.elementor-widget-heading .elementor-heading-title.elementor-size-xxl{font-size:59px}<\/style><div id=\"ez-toc-container\" class=\"ez-toc-v2_0_69_1 ez-toc-wrap-center counter-hierarchy ez-toc-counter ez-toc-black ez-toc-container-direction\">\n<div class=\"ez-toc-title-container\">\n<p class=\"ez-toc-title \" >Table des mati&egrave;res<\/p>\n<span class=\"ez-toc-title-toggle\"><a href=\"#\" class=\"ez-toc-pull-right ez-toc-btn ez-toc-btn-xs ez-toc-btn-default ez-toc-toggle\" aria-label=\"Toggle Table of Content\"><span class=\"ez-toc-js-icon-con\"><span class=\"\"><span class=\"eztoc-hide\" style=\"display:none;\">Toggle<\/span><span class=\"ez-toc-icon-toggle-span\"><svg style=\"fill: #999;color:#999\" xmlns=\"http:\/\/www.w3.org\/2000\/svg\" class=\"list-377408\" width=\"20px\" height=\"20px\" viewBox=\"0 0 24 24\" fill=\"none\"><path d=\"M6 6H4v2h2V6zm14 0H8v2h12V6zM4 11h2v2H4v-2zm16 0H8v2h12v-2zM4 16h2v2H4v-2zm16 0H8v2h12v-2z\" fill=\"currentColor\"><\/path><\/svg><svg style=\"fill: #999;color:#999\" class=\"arrow-unsorted-368013\" xmlns=\"http:\/\/www.w3.org\/2000\/svg\" width=\"10px\" height=\"10px\" viewBox=\"0 0 24 24\" version=\"1.2\" baseProfile=\"tiny\"><path d=\"M18.2 9.3l-6.2-6.3-6.2 6.3c-.2.2-.3.4-.3.7s.1.5.3.7c.2.2.4.3.7.3h11c.3 0 .5-.1.7-.3.2-.2.3-.5.3-.7s-.1-.5-.3-.7zM5.8 14.7l6.2 6.3 6.2-6.3c.2-.2.3-.5.3-.7s-.1-.5-.3-.7c-.2-.2-.4-.3-.7-.3h-11c-.3 0-.5.1-.7.3-.2.2-.3.5-.3.7s.1.5.3.7z\"\/><\/svg><\/span><\/span><\/span><\/a><\/span><\/div>\n<nav><ul class='ez-toc-list ez-toc-list-level-1 ' ><li class='ez-toc-page-1 ez-toc-heading-level-2'><a class=\"ez-toc-link ez-toc-heading-1\" href=\"https:\/\/www.dailyfy.co\/fr\/blog\/quel-format-instagram-choisir-pour-vos-visuels-en-2024\/#Les_differents_types_de_publications_sur_Instagram\" title=\"Les diff\u00e9rents types de publications sur Instagram\">Les diff\u00e9rents types de publications sur Instagram<\/a><ul class='ez-toc-list-level-3' ><li class='ez-toc-heading-level-3'><a class=\"ez-toc-link ez-toc-heading-2\" href=\"https:\/\/www.dailyfy.co\/fr\/blog\/quel-format-instagram-choisir-pour-vos-visuels-en-2024\/#Les_publications_carrees\" title=\"Les publications carr\u00e9es\">Les publications carr\u00e9es<\/a><\/li><li class='ez-toc-page-1 ez-toc-heading-level-3'><a class=\"ez-toc-link ez-toc-heading-3\" href=\"https:\/\/www.dailyfy.co\/fr\/blog\/quel-format-instagram-choisir-pour-vos-visuels-en-2024\/#Les_publications_verticales_le_best\" title=\"Les publications verticales (le best)\">Les publications verticales (le best)<\/a><\/li><li class='ez-toc-page-1 ez-toc-heading-level-3'><a class=\"ez-toc-link ez-toc-heading-4\" href=\"https:\/\/www.dailyfy.co\/fr\/blog\/quel-format-instagram-choisir-pour-vos-visuels-en-2024\/#Les_publications_horizontales\" title=\"Les publications horizontales\">Les publications horizontales<\/a><\/li><li class='ez-toc-page-1 ez-toc-heading-level-3'><a class=\"ez-toc-link ez-toc-heading-5\" href=\"https:\/\/www.dailyfy.co\/fr\/blog\/quel-format-instagram-choisir-pour-vos-visuels-en-2024\/#Les_publications_carrousel\" title=\"Les publications carrousel\">Les publications carrousel<\/a><\/li><\/ul><\/li><li class='ez-toc-page-1 ez-toc-heading-level-2'><a class=\"ez-toc-link ez-toc-heading-6\" href=\"https:\/\/www.dailyfy.co\/fr\/blog\/quel-format-instagram-choisir-pour-vos-visuels-en-2024\/#Formats_recommandes_pour_les_videos_Instagram\" title=\"Formats recommand\u00e9s pour les vid\u00e9os Instagram\">Formats recommand\u00e9s pour les vid\u00e9os Instagram<\/a><ul class='ez-toc-list-level-3' ><li class='ez-toc-heading-level-3'><a class=\"ez-toc-link ez-toc-heading-7\" href=\"https:\/\/www.dailyfy.co\/fr\/blog\/quel-format-instagram-choisir-pour-vos-visuels-en-2024\/#Format_des_videos_dans_le_feed\" title=\"Format des vid\u00e9os dans le feed\">Format des vid\u00e9os dans le feed<\/a><\/li><li class='ez-toc-page-1 ez-toc-heading-level-3'><a class=\"ez-toc-link ez-toc-heading-8\" href=\"https:\/\/www.dailyfy.co\/fr\/blog\/quel-format-instagram-choisir-pour-vos-visuels-en-2024\/#Format_des_videos_stories\" title=\"Format des vid\u00e9os stories\">Format des vid\u00e9os stories<\/a><\/li><li class='ez-toc-page-1 ez-toc-heading-level-3'><a class=\"ez-toc-link ez-toc-heading-9\" href=\"https:\/\/www.dailyfy.co\/fr\/blog\/quel-format-instagram-choisir-pour-vos-visuels-en-2024\/#Format_des_videos_reels\" title=\"Format des vid\u00e9os reels\">Format des vid\u00e9os reels<\/a><\/li><\/ul><\/li><li class='ez-toc-page-1 ez-toc-heading-level-2'><a class=\"ez-toc-link ez-toc-heading-10\" href=\"https:\/\/www.dailyfy.co\/fr\/blog\/quel-format-instagram-choisir-pour-vos-visuels-en-2024\/#Dimensions_pour_les_stories_Instagram_et_Facebook_aussi\" title=\"Dimensions pour les stories Instagram (et Facebook aussi)\">Dimensions pour les stories Instagram (et Facebook aussi)<\/a><ul class='ez-toc-list-level-3' ><li class='ez-toc-heading-level-3'><a class=\"ez-toc-link ez-toc-heading-11\" href=\"https:\/\/www.dailyfy.co\/fr\/blog\/quel-format-instagram-choisir-pour-vos-visuels-en-2024\/#Taille_des_stories_photos\" title=\"Taille des stories photos\">Taille des stories photos<\/a><\/li><li class='ez-toc-page-1 ez-toc-heading-level-3'><a class=\"ez-toc-link ez-toc-heading-12\" href=\"https:\/\/www.dailyfy.co\/fr\/blog\/quel-format-instagram-choisir-pour-vos-visuels-en-2024\/#Taille_des_stories_videos\" title=\"Taille des stories vid\u00e9os\">Taille des stories vid\u00e9os<\/a><\/li><\/ul><\/li><li class='ez-toc-page-1 ez-toc-heading-level-2'><a class=\"ez-toc-link ez-toc-heading-13\" href=\"https:\/\/www.dailyfy.co\/fr\/blog\/quel-format-instagram-choisir-pour-vos-visuels-en-2024\/#Optimisation_des_images_de_profil_sur_Instagram\" title=\"Optimisation des images de profil sur Instagram\">Optimisation des images de profil sur Instagram<\/a><ul class='ez-toc-list-level-3' ><li class='ez-toc-heading-level-3'><a class=\"ez-toc-link ez-toc-heading-14\" href=\"https:\/\/www.dailyfy.co\/fr\/blog\/quel-format-instagram-choisir-pour-vos-visuels-en-2024\/#Dimensions_ideales\" title=\"Dimensions id\u00e9ales\">Dimensions id\u00e9ales<\/a><\/li><li class='ez-toc-page-1 ez-toc-heading-level-3'><a class=\"ez-toc-link ez-toc-heading-15\" href=\"https:\/\/www.dailyfy.co\/fr\/blog\/quel-format-instagram-choisir-pour-vos-visuels-en-2024\/#Aspect_visuel\" title=\"Aspect visuel\">Aspect visuel<\/a><\/li><li class='ez-toc-page-1 ez-toc-heading-level-3'><a class=\"ez-toc-link ez-toc-heading-16\" href=\"https:\/\/www.dailyfy.co\/fr\/blog\/quel-format-instagram-choisir-pour-vos-visuels-en-2024\/#Astuces_pour_un_profil_professionnel\" title=\"Astuces pour un profil professionnel\">Astuces pour un profil professionnel<\/a><\/li><\/ul><\/li><li class='ez-toc-page-1 ez-toc-heading-level-2'><a class=\"ez-toc-link ez-toc-heading-17\" href=\"https:\/\/www.dailyfy.co\/fr\/blog\/quel-format-instagram-choisir-pour-vos-visuels-en-2024\/#Des_publicites_Instagram_avec_un_bon_format_pour_etre_plus_impactant\" title=\"Des publicit\u00e9s Instagram avec un bon format pour \u00eatre plus impactant !\">Des publicit\u00e9s Instagram avec un bon format pour \u00eatre plus impactant !<\/a><ul class='ez-toc-list-level-3' ><li class='ez-toc-heading-level-3'><a class=\"ez-toc-link ez-toc-heading-18\" href=\"https:\/\/www.dailyfy.co\/fr\/blog\/quel-format-instagram-choisir-pour-vos-visuels-en-2024\/#Formats_dimage_pour_les_publicites\" title=\"Formats d&#039;image pour les publicit\u00e9s\">Formats d'image pour les publicit\u00e9s<\/a><\/li><li class='ez-toc-page-1 ez-toc-heading-level-3'><a class=\"ez-toc-link ez-toc-heading-19\" href=\"https:\/\/www.dailyfy.co\/fr\/blog\/quel-format-instagram-choisir-pour-vos-visuels-en-2024\/#Formats_video_pour_les_ads_Instagram\" title=\"Formats vid\u00e9o pour les ads Instagram\">Formats vid\u00e9o pour les ads Instagram<\/a><\/li><li class='ez-toc-page-1 ez-toc-heading-level-3'><a class=\"ez-toc-link ez-toc-heading-20\" href=\"https:\/\/www.dailyfy.co\/fr\/blog\/quel-format-instagram-choisir-pour-vos-visuels-en-2024\/#Meilleures_pratiques\" title=\"Meilleures pratiques\">Meilleures pratiques<\/a><\/li><\/ul><\/li><li class='ez-toc-page-1 ez-toc-heading-level-2'><a class=\"ez-toc-link ez-toc-heading-21\" href=\"https:\/\/www.dailyfy.co\/fr\/blog\/quel-format-instagram-choisir-pour-vos-visuels-en-2024\/#Recurperation_des_dimensions_des_visuels_sur_Instagram\" title=\"R\u00e9curp\u00e9ration des dimensions des visuels sur Instagram\">R\u00e9curp\u00e9ration des dimensions des visuels sur Instagram<\/a><\/li><\/ul><\/nav><\/div>\n<h2 class=\"elementor-heading-title elementor-size-default\"><span class=\"ez-toc-section\" id=\"Les_differents_types_de_publications_sur_Instagram\"><\/span>Les diff\u00e9rents types de publications sur Instagram<span class=\"ez-toc-section-end\"><\/span><\/h2>\t\t<\/div>\n\t\t\t\t<\/div>\n\t\t\t\t<div class=\"elementor-element elementor-element-cc28264 elementor-widget elementor-widget-text-editor\" data-id=\"cc28264\" data-element_type=\"widget\" data-widget_type=\"text-editor.default\">\n\t\t\t\t<div class=\"elementor-widget-container\">\n\t\t\t\t\t\t\t<p>Sur Instagram, vous pouvez publier diff\u00e9rents types de contenus visuels avec des formats et dimensions sp\u00e9cifiques. Voici les principaux formats \u00e0 conna\u00eetre :<\/p>\t\t\t\t\t\t<\/div>\n\t\t\t\t<\/div>\n\t\t\t\t<div class=\"elementor-element elementor-element-c9fd287 elementor-widget elementor-widget-heading\" data-id=\"c9fd287\" data-element_type=\"widget\" data-widget_type=\"heading.default\">\n\t\t\t\t<div class=\"elementor-widget-container\">\n\t\t\t<h3 class=\"elementor-heading-title elementor-size-default\"><span class=\"ez-toc-section\" id=\"Les_publications_carrees\"><\/span>Les publications carr\u00e9es<span class=\"ez-toc-section-end\"><\/span><\/h3>\t\t<\/div>\n\t\t\t\t<\/div>\n\t\t\t\t<div class=\"elementor-element elementor-element-78e7dd1 elementor-widget elementor-widget-text-editor\" data-id=\"78e7dd1\" data-element_type=\"widget\" data-widget_type=\"text-editor.default\">\n\t\t\t\t<div class=\"elementor-widget-container\">\n\t\t\t\t\t\t\t<p>Historiquement, Instagram se concentrait principalement sur les photos carr\u00e9es de 1080 x 1080 pixels, soit un ratio d&#8217;image de 1:1. Bien que d&#8217;autres formats aient \u00e9t\u00e9 introduits, le format carr\u00e9 reste une option populaire.<\/p><p><em><strong>Depuis la mise \u00e0 jour du GRID Instagram, ce format n&#8217;est plus recommand\u00e9 (Janvier 2025).<\/strong><\/em><\/p><p>Si vous publiez dans ce format, vous pourrez le rendre &#8220;compatible&#8221; dans votre GRID en cliquant sur le post, les \u00b0\u00b0\u00b0 dans le coin sup\u00e9rieur droit de la photo, puis &#8220;ajuster l&#8217;aper\u00e7u&#8221;.\u00a0<\/p>\t\t\t\t\t\t<\/div>\n\t\t\t\t<\/div>\n\t\t\t\t<div class=\"elementor-element elementor-element-448ba57 elementor-widget elementor-widget-heading\" data-id=\"448ba57\" data-element_type=\"widget\" data-widget_type=\"heading.default\">\n\t\t\t\t<div class=\"elementor-widget-container\">\n\t\t\t<h3 class=\"elementor-heading-title elementor-size-default\"><span class=\"ez-toc-section\" id=\"Les_publications_verticales_le_best\"><\/span>Les publications verticales (le best)<span class=\"ez-toc-section-end\"><\/span><\/h3>\t\t<\/div>\n\t\t\t\t<\/div>\n\t\t\t\t<div class=\"elementor-element elementor-element-2b8fdad elementor-widget elementor-widget-text-editor\" data-id=\"2b8fdad\" data-element_type=\"widget\" data-widget_type=\"text-editor.default\">\n\t\t\t\t<div class=\"elementor-widget-container\">\n\t\t\t\t\t\t\t<p>Le format vertical ou portrait a une r\u00e9solution de 1080 x 1350 pixels et un rapport d&#8217;aspect de 4:5, similaire \u00e0 celui d&#8217;une photo classique. Ce format convient particuli\u00e8rement pour mettre en valeur des sujets verticaux et est souvent utilis\u00e9 dans les publications, les stories et les publicit\u00e9s. Respecter ces dimensions garantit une meilleure qualit\u00e9 d&#8217;affichage. Depuis Janvier 2025, ce format est compatible avec le GRID. Il s&#8217;<em><strong>agit de la meilleure option pour publier sur Instagram en 2025<\/strong><\/em>.<\/p>\t\t\t\t\t\t<\/div>\n\t\t\t\t<\/div>\n\t\t\t\t<div class=\"elementor-element elementor-element-cec7bc5 elementor-widget elementor-widget-heading\" data-id=\"cec7bc5\" data-element_type=\"widget\" data-widget_type=\"heading.default\">\n\t\t\t\t<div class=\"elementor-widget-container\">\n\t\t\t<h3 class=\"elementor-heading-title elementor-size-default\"><span class=\"ez-toc-section\" id=\"Les_publications_horizontales\"><\/span>Les publications horizontales<span class=\"ez-toc-section-end\"><\/span><\/h3>\t\t<\/div>\n\t\t\t\t<\/div>\n\t\t\t\t<div class=\"elementor-element elementor-element-e98d427 elementor-widget elementor-widget-text-editor\" data-id=\"e98d427\" data-element_type=\"widget\" data-widget_type=\"text-editor.default\">\n\t\t\t\t<div class=\"elementor-widget-container\">\n\t\t\t\t\t\t\t<p>Aussi appel\u00e9 format paysage, le format horizontal de 1080 x 566 pixels (ratio 1,91:1) convient mieux aux sujets horizontaux. Bien qu&#8217;Instagram accepte d&#8217;autres dimensions paysages, l&#8217;application peut les recadrer automatiquement. Ce format permet de publier des images ou vid\u00e9os avec des dimensions plus larges.<\/p>\t\t\t\t\t\t<\/div>\n\t\t\t\t<\/div>\n\t\t\t\t<div class=\"elementor-element elementor-element-9b91814 elementor-widget elementor-widget-heading\" data-id=\"9b91814\" data-element_type=\"widget\" data-widget_type=\"heading.default\">\n\t\t\t\t<div class=\"elementor-widget-container\">\n\t\t\t<h3 class=\"elementor-heading-title elementor-size-default\"><span class=\"ez-toc-section\" id=\"Les_publications_carrousel\"><\/span>Les publications carrousel<span class=\"ez-toc-section-end\"><\/span><\/h3>\t\t<\/div>\n\t\t\t\t<\/div>\n\t\t\t\t<div class=\"elementor-element elementor-element-5379736 elementor-widget elementor-widget-text-editor\" data-id=\"5379736\" data-element_type=\"widget\" data-widget_type=\"text-editor.default\">\n\t\t\t\t<div class=\"elementor-widget-container\">\n\t\t\t\t\t\t\t<p>Le format carrousel permet de publier plusieurs images ou vid\u00e9os dans un m\u00eame post. Les tailles des images incluses peuvent \u00eatre carr\u00e9es (1080 x 1080 pixels) pour les ADS, verticales (1080 x 1350 pixels) ou horizontales (1080 x 566 pixels).<\/p><p>Nous vous <strong>recommandons d&#8217;utiliser le format vertical<\/strong> pour ce type de post Instagram.<\/p>\t\t\t\t\t\t<\/div>\n\t\t\t\t<\/div>\n\t\t\t\t<div class=\"elementor-element elementor-element-03e79c5 elementor-widget elementor-widget-heading\" data-id=\"03e79c5\" data-element_type=\"widget\" data-widget_type=\"heading.default\">\n\t\t\t\t<div class=\"elementor-widget-container\">\n\t\t\t<h2 class=\"elementor-heading-title elementor-size-default\"><span class=\"ez-toc-section\" id=\"Formats_recommandes_pour_les_videos_Instagram\"><\/span>Formats recommand\u00e9s pour les vid\u00e9os Instagram<span class=\"ez-toc-section-end\"><\/span><\/h2>\t\t<\/div>\n\t\t\t\t<\/div>\n\t\t\t\t<div class=\"elementor-element elementor-element-25638fc elementor-widget elementor-widget-text-editor\" data-id=\"25638fc\" data-element_type=\"widget\" data-widget_type=\"text-editor.default\">\n\t\t\t\t<div class=\"elementor-widget-container\">\n\t\t\t\t\t\t\t<p>Vous pouvez publier diff\u00e9rents types de vid\u00e9os sur Instagram : le feed, les stories, les reels. Voici les formats recommand\u00e9s pour chaque type de vid\u00e9o :<\/p>\t\t\t\t\t\t<\/div>\n\t\t\t\t<\/div>\n\t\t\t\t<div class=\"elementor-element elementor-element-d0a6c67 elementor-widget elementor-widget-heading\" data-id=\"d0a6c67\" data-element_type=\"widget\" data-widget_type=\"heading.default\">\n\t\t\t\t<div class=\"elementor-widget-container\">\n\t\t\t<h3 class=\"elementor-heading-title elementor-size-default\"><span class=\"ez-toc-section\" id=\"Format_des_videos_dans_le_feed\"><\/span>Format des vid\u00e9os dans le feed<span class=\"ez-toc-section-end\"><\/span><\/h3>\t\t<\/div>\n\t\t\t\t<\/div>\n\t\t\t\t<div class=\"elementor-element elementor-element-5bfe97e elementor-widget elementor-widget-text-editor\" data-id=\"5bfe97e\" data-element_type=\"widget\" data-widget_type=\"text-editor.default\">\n\t\t\t\t<div class=\"elementor-widget-container\">\n\t\t\t\t\t\t\t<p>Vous pouvez publier des vid\u00e9os dans le feed de votre compte pour les promouvoir aupr\u00e8s de vos abonn\u00e9s. Ces vid\u00e9os doivent \u00eatre courtes, g\u00e9n\u00e9ralement d&#8217;une dur\u00e9e maximale de 2 minutes.<\/p>\t\t\t\t\t\t<\/div>\n\t\t\t\t<\/div>\n\t\t\t\t<div class=\"elementor-element elementor-element-30d9ddd elementor-widget elementor-widget-heading\" data-id=\"30d9ddd\" data-element_type=\"widget\" data-widget_type=\"heading.default\">\n\t\t\t\t<div class=\"elementor-widget-container\">\n\t\t\t<h3 class=\"elementor-heading-title elementor-size-default\"><span class=\"ez-toc-section\" id=\"Format_des_videos_stories\"><\/span>Format des vid\u00e9os stories<span class=\"ez-toc-section-end\"><\/span><\/h3>\t\t<\/div>\n\t\t\t\t<\/div>\n\t\t\t\t<div class=\"elementor-element elementor-element-d0d0ba6 elementor-widget elementor-widget-text-editor\" data-id=\"d0d0ba6\" data-element_type=\"widget\" data-widget_type=\"text-editor.default\">\n\t\t\t\t<div class=\"elementor-widget-container\">\n\t\t\t\t\t\t\t<p>Les stories sont des vid\u00e9os courtes, g\u00e9n\u00e9ralement d&#8217;une dur\u00e9e maximale de 2 minutes, qui sont publi\u00e9es dans le feed de votre compte pour promouvoir un lancement de produit, un \u00e9v\u00e9nement, etc. La dur\u00e9e des stories est de 24 heures seulement. Vous pouvez ensuite l&#8217;ajouter \u00e0 votre story \u00e0 la une pour la sauvegarder et la montrer aupr\u00e8s de votre communaut\u00e9.<\/p><p>Format : 1920 x 1080px<\/p>\t\t\t\t\t\t<\/div>\n\t\t\t\t<\/div>\n\t\t\t\t<div class=\"elementor-element elementor-element-f260ed1 elementor-widget elementor-widget-heading\" data-id=\"f260ed1\" data-element_type=\"widget\" data-widget_type=\"heading.default\">\n\t\t\t\t<div class=\"elementor-widget-container\">\n\t\t\t<h3 class=\"elementor-heading-title elementor-size-default\"><span class=\"ez-toc-section\" id=\"Format_des_videos_reels\"><\/span>Format des vid\u00e9os reels<span class=\"ez-toc-section-end\"><\/span><\/h3>\t\t<\/div>\n\t\t\t\t<\/div>\n\t\t\t\t<div class=\"elementor-element elementor-element-7212ca3 elementor-widget elementor-widget-text-editor\" data-id=\"7212ca3\" data-element_type=\"widget\" data-widget_type=\"text-editor.default\">\n\t\t\t\t<div class=\"elementor-widget-container\">\n\t\t\t\t\t\t\t<p>Les reels sont des vid\u00e9os courtes, g\u00e9n\u00e9ralement d&#8217;une dur\u00e9e maximale de 2 minutes, qui sont publi\u00e9es dans le feed de votre compte pour promouvoir un lancement de produit, un \u00e9v\u00e9nement, etc.<\/p><p><span style=\"text-decoration: underline;\">Format<\/span> : 1920 x 1080px<\/p>\t\t\t\t\t\t<\/div>\n\t\t\t\t<\/div>\n\t\t\t\t<div class=\"elementor-element elementor-element-37d82ef elementor-widget elementor-widget-heading\" data-id=\"37d82ef\" data-element_type=\"widget\" data-widget_type=\"heading.default\">\n\t\t\t\t<div class=\"elementor-widget-container\">\n\t\t\t<h2 class=\"elementor-heading-title elementor-size-default\"><span class=\"ez-toc-section\" id=\"Dimensions_pour_les_stories_Instagram_et_Facebook_aussi\"><\/span>Dimensions pour les stories Instagram (et Facebook aussi)<span class=\"ez-toc-section-end\"><\/span><\/h2>\t\t<\/div>\n\t\t\t\t<\/div>\n\t\t\t\t<div class=\"elementor-element elementor-element-c7462b1 elementor-widget elementor-widget-text-editor\" data-id=\"c7462b1\" data-element_type=\"widget\" data-widget_type=\"text-editor.default\">\n\t\t\t\t<div class=\"elementor-widget-container\">\n\t\t\t\t\t\t\t<p>Pour optimiser vos stories Instagram, il est recommand\u00e9 de respecter les dimensions suivantes :<\/p>\t\t\t\t\t\t<\/div>\n\t\t\t\t<\/div>\n\t\t\t\t<div class=\"elementor-element elementor-element-8cc04bb elementor-widget elementor-widget-heading\" data-id=\"8cc04bb\" data-element_type=\"widget\" data-widget_type=\"heading.default\">\n\t\t\t\t<div class=\"elementor-widget-container\">\n\t\t\t<h3 class=\"elementor-heading-title elementor-size-default\"><span class=\"ez-toc-section\" id=\"Taille_des_stories_photos\"><\/span>Taille des stories photos<span class=\"ez-toc-section-end\"><\/span><\/h3>\t\t<\/div>\n\t\t\t\t<\/div>\n\t\t\t\t<div class=\"elementor-element elementor-element-d912588 elementor-widget elementor-widget-text-editor\" data-id=\"d912588\" data-element_type=\"widget\" data-widget_type=\"text-editor.default\">\n\t\t\t\t<div class=\"elementor-widget-container\">\n\t\t\t\t\t\t\t<p>\u2705 Pour les stories photos, la taille id\u00e9ale est de 1080 x 1920 pixels avec un ratio d&#8217;aspect de 9:16.<\/p>\t\t\t\t\t\t<\/div>\n\t\t\t\t<\/div>\n\t\t\t\t<div class=\"elementor-element elementor-element-8456113 elementor-widget elementor-widget-heading\" data-id=\"8456113\" data-element_type=\"widget\" data-widget_type=\"heading.default\">\n\t\t\t\t<div class=\"elementor-widget-container\">\n\t\t\t<h3 class=\"elementor-heading-title elementor-size-default\"><span class=\"ez-toc-section\" id=\"Taille_des_stories_videos\"><\/span>Taille des stories vid\u00e9os<span class=\"ez-toc-section-end\"><\/span><\/h3>\t\t<\/div>\n\t\t\t\t<\/div>\n\t\t\t\t<div class=\"elementor-element elementor-element-e514bc5 elementor-widget elementor-widget-text-editor\" data-id=\"e514bc5\" data-element_type=\"widget\" data-widget_type=\"text-editor.default\">\n\t\t\t\t<div class=\"elementor-widget-container\">\n\t\t\t\t\t\t\t\u2705 Pour les stories vid\u00e9os, les dimensions recommand\u00e9es sont les m\u00eames que pour les photos : 1080 x 1920 pixels avec un ratio 9:16.\nBien que les images puissent \u00eatre recadr\u00e9es manuellement, respecter ces dimensions garantit un affichage optimal en plein \u00e9cran sans recadrage ind\u00e9sirable ou zones d&#8217;\u00e9cran vides.\nQuelques points suppl\u00e9mentaires \u00e0 prendre en compte :<ul><li>\nLes images seront affich\u00e9es pendant 5 secondes dans les stories.<\/li><li>\nLes vid\u00e9os sont divis\u00e9es en segments de 15 secondes maximum. Vous pouvez enregistrer une vid\u00e9o d&#8217;une minute qui sera d\u00e9coup\u00e9e en 4 segments de 15 secondes.\nAu-del\u00e0 d&#8217;une minute, vous devrez faire un nouvel enregistrement.<\/li><li>\nInstagram recommande de laisser environ 250 pixels (14% de la taille d&#8217;image) en haut et en bas libres de texte et logos pour \u00e9viter qu&#8217;ils ne soient recouverts.<\/li>\n<li>Les stories restent affich\u00e9es pendant 24 heures seulement, sauf si vous les \u00e9pinglez dans les &#8220;stories \u00e0 la une&#8221;.<\/li><\/ul>\nEn respectant ces dimensions optimales, vos stories Instagram b\u00e9n\u00e9ficieront d&#8217;un affichage optimal et d&#8217;une meilleure exp\u00e9rience utilisateur.\t\t\t\t\t\t<\/div>\n\t\t\t\t<\/div>\n\t\t\t\t<div class=\"elementor-element elementor-element-60e241d elementor-widget elementor-widget-heading\" data-id=\"60e241d\" data-element_type=\"widget\" data-widget_type=\"heading.default\">\n\t\t\t\t<div class=\"elementor-widget-container\">\n\t\t\t<h2 class=\"elementor-heading-title elementor-size-default\"><span class=\"ez-toc-section\" id=\"Optimisation_des_images_de_profil_sur_Instagram\"><\/span>Optimisation des images de profil sur Instagram<span class=\"ez-toc-section-end\"><\/span><\/h2>\t\t<\/div>\n\t\t\t\t<\/div>\n\t\t\t\t<div class=\"elementor-element elementor-element-7e0fe45 elementor-widget elementor-widget-text-editor\" data-id=\"7e0fe45\" data-element_type=\"widget\" data-widget_type=\"text-editor.default\">\n\t\t\t\t<div class=\"elementor-widget-container\">\n\t\t\t\t\t\t\t<p>Votre photo de profil Instagram est la premi\u00e8re chose que vos abonn\u00e9s et visiteurs verront en arrivant sur votre compte. C&#8217;est pourquoi il est crucial de bien la choisir et de l&#8217;optimiser pour refl\u00e9ter au mieux votre marque ou votre identit\u00e9. Voici quelques conseils \u00e0 suivre :<\/p>\t\t\t\t\t\t<\/div>\n\t\t\t\t<\/div>\n\t\t\t\t<div class=\"elementor-element elementor-element-982b95a elementor-widget elementor-widget-heading\" data-id=\"982b95a\" data-element_type=\"widget\" data-widget_type=\"heading.default\">\n\t\t\t\t<div class=\"elementor-widget-container\">\n\t\t\t<h3 class=\"elementor-heading-title elementor-size-default\"><span class=\"ez-toc-section\" id=\"Dimensions_ideales\"><\/span>Dimensions id\u00e9ales<span class=\"ez-toc-section-end\"><\/span><\/h3>\t\t<\/div>\n\t\t\t\t<\/div>\n\t\t\t\t<div class=\"elementor-element elementor-element-70ebdb7 elementor-widget elementor-widget-text-editor\" data-id=\"70ebdb7\" data-element_type=\"widget\" data-widget_type=\"text-editor.default\">\n\t\t\t\t<div class=\"elementor-widget-container\">\n\t\t\t\t\t\t\t<ul><li>La taille id\u00e9ale pour une photo de profil Instagram est de 320 x 320 pixels avec un ratio d&#8217;aspect de 1:1. Instagram recommande cette dimension pour \u00e9viter tout recadrage ou distorsion.<\/li><li>Bien que les images de profil s&#8217;affichent en cercle, vous devez t\u00e9l\u00e9charger une image carr\u00e9e. Instagram se chargera de la recadrer en forme de cercle.<\/li><li>Pour une qualit\u00e9 optimale, utilisez une image haute r\u00e9solution et recadrez-la en un carr\u00e9 parfait de 320 x 320 pixels avant de la t\u00e9l\u00e9charger.<\/li><\/ul>\t\t\t\t\t\t<\/div>\n\t\t\t\t<\/div>\n\t\t\t\t<div class=\"elementor-element elementor-element-bbbb585 elementor-widget elementor-widget-heading\" data-id=\"bbbb585\" data-element_type=\"widget\" data-widget_type=\"heading.default\">\n\t\t\t\t<div class=\"elementor-widget-container\">\n\t\t\t<h3 class=\"elementor-heading-title elementor-size-default\"><span class=\"ez-toc-section\" id=\"Aspect_visuel\"><\/span>Aspect visuel<span class=\"ez-toc-section-end\"><\/span><\/h3>\t\t<\/div>\n\t\t\t\t<\/div>\n\t\t\t\t<div class=\"elementor-element elementor-element-ce47472 elementor-widget elementor-widget-text-editor\" data-id=\"ce47472\" data-element_type=\"widget\" data-widget_type=\"text-editor.default\">\n\t\t\t\t<div class=\"elementor-widget-container\">\n\t\t\t\t\t\t\t<ul><li>Choisissez une photo qui repr\u00e9sente bien votre marque, vos produits\/services ou votre personnalit\u00e9 si vous \u00eates un influenceur.<\/li><li>Assurez-vous que le sujet principal (logo, visage, etc.) soit centr\u00e9 pour \u00e9viter les recadrages ind\u00e9sirables.<\/li><li>Optez pour un contraste net avec un bon \u00e9clairage pour que votre photo se d\u00e9marque dans les flux.<\/li><li>La photo doit \u00eatre de haute qualit\u00e9, nette et non pixelis\u00e9e pour une meilleure exp\u00e9rience utilisateur.<\/li><\/ul>\t\t\t\t\t\t<\/div>\n\t\t\t\t<\/div>\n\t\t\t\t<div class=\"elementor-element elementor-element-f17febf elementor-widget elementor-widget-heading\" data-id=\"f17febf\" data-element_type=\"widget\" data-widget_type=\"heading.default\">\n\t\t\t\t<div class=\"elementor-widget-container\">\n\t\t\t<h3 class=\"elementor-heading-title elementor-size-default\"><span class=\"ez-toc-section\" id=\"Astuces_pour_un_profil_professionnel\"><\/span>Astuces pour un profil professionnel<span class=\"ez-toc-section-end\"><\/span><\/h3>\t\t<\/div>\n\t\t\t\t<\/div>\n\t\t\t\t<div class=\"elementor-element elementor-element-4438ced elementor-widget elementor-widget-text-editor\" data-id=\"4438ced\" data-element_type=\"widget\" data-widget_type=\"text-editor.default\">\n\t\t\t\t<div class=\"elementor-widget-container\">\n\t\t\t\t\t\t\t<ul><li>Harmonisez les couleurs de votre photo avec celles utilis\u00e9es dans votre feed Instagram pour une identit\u00e9 visuelle coh\u00e9rente.<\/li><li>Pour les comptes professionnels, privil\u00e9giez un logo clair et reconnaissable plut\u00f4t qu&#8217;une photo personnelle.<\/li><li>Personnalisez votre biographie avec la police et le style de votre marque.<\/li><li>Utilisez des outils comme Photoshop, VSCO ou Canva pour am\u00e9liorer la nettet\u00e9, ajuster les couleurs et cr\u00e9er des filtres sur mesure.<\/li><\/ul>\t\t\t\t\t\t<\/div>\n\t\t\t\t<\/div>\n\t\t\t\t<div class=\"elementor-element elementor-element-72c32e1 elementor-widget elementor-widget-text-editor\" data-id=\"72c32e1\" data-element_type=\"widget\" data-widget_type=\"text-editor.default\">\n\t\t\t\t<div class=\"elementor-widget-container\">\n\t\t\t\t\t\t\t<p>En optimisant votre photo de profil Instagram selon ces recommandations, vous offrirez une meilleure exp\u00e9rience \u00e0 vos abonn\u00e9s et renforcerez l&#8217;identit\u00e9 visuelle de votre marque.<\/p>\t\t\t\t\t\t<\/div>\n\t\t\t\t<\/div>\n\t\t\t\t<div class=\"elementor-element elementor-element-fcee0e9 elementor-widget elementor-widget-heading\" data-id=\"fcee0e9\" data-element_type=\"widget\" data-widget_type=\"heading.default\">\n\t\t\t\t<div class=\"elementor-widget-container\">\n\t\t\t<h2 class=\"elementor-heading-title elementor-size-default\"><span class=\"ez-toc-section\" id=\"Des_publicites_Instagram_avec_un_bon_format_pour_etre_plus_impactant\"><\/span>Des publicit\u00e9s Instagram avec un bon format pour \u00eatre plus impactant !<span class=\"ez-toc-section-end\"><\/span><\/h2>\t\t<\/div>\n\t\t\t\t<\/div>\n\t\t\t\t<div class=\"elementor-element elementor-element-4694151 elementor-widget elementor-widget-heading\" data-id=\"4694151\" data-element_type=\"widget\" data-widget_type=\"heading.default\">\n\t\t\t\t<div class=\"elementor-widget-container\">\n\t\t\t<h3 class=\"elementor-heading-title elementor-size-default\"><span class=\"ez-toc-section\" id=\"Formats_dimage_pour_les_publicites\"><\/span>Formats d'image pour les publicit\u00e9s<span class=\"ez-toc-section-end\"><\/span><\/h3>\t\t<\/div>\n\t\t\t\t<\/div>\n\t\t\t\t<div class=\"elementor-element elementor-element-647ce6b elementor-widget elementor-widget-text-editor\" data-id=\"647ce6b\" data-element_type=\"widget\" data-widget_type=\"text-editor.default\">\n\t\t\t\t<div class=\"elementor-widget-container\">\n\t\t\t\t\t\t\t<p>Instagram propose plusieurs formats pour les publicit\u00e9s image, chacun avec des sp\u00e9cifications recommand\u00e9es pour assurer une qualit\u00e9 optimale :<\/p>\t\t\t\t\t\t<\/div>\n\t\t\t\t<\/div>\n\t\t\t\t<div class=\"elementor-element elementor-element-ea7d9d1 elementor-widget elementor-widget-text-editor\" data-id=\"ea7d9d1\" data-element_type=\"widget\" data-widget_type=\"text-editor.default\">\n\t\t\t\t<div class=\"elementor-widget-container\">\n\t\t\t\t\t\t\t<ul><li><strong>Paysage (Landscape)<\/strong> :<ul><li>Dimensions recommand\u00e9es : 1200 x 628 pixels<\/li><li>Ratio d&#8217;aspect : 1.91:1<\/li><li>Taille de fichier maximale : 30MB<\/li><li>Formats de fichier : JPG et PNG<\/li><\/ul><\/li><li><strong>Carr\u00e9 (Square)<\/strong> :<ul><li>Dimensions recommand\u00e9es : 1080 x 1080 pixels<\/li><li>Ratio d&#8217;aspect : 1:1<\/li><li>Taille de fichier maximale : 30MB<\/li><li>Formats de fichier : JPG et PNG<\/li><\/ul><\/li><li><strong>Vertical (Recommand\u00e9)<\/strong> :<ul><li>Dimensions recommand\u00e9es : 1080 x 1350 pixels<\/li><li>Ratio d&#8217;aspect : 4:5<\/li><li>Taille de fichier maximale : 30MB<\/li><li>Formats de fichier : JPG et PNG<\/li><\/ul><\/li><\/ul><div class=\"ql-block\" data-block-id=\"block-a8e32891-667a-42c6-b511-44e72c809a07\">Ces formats sont id\u00e9aux pour les campagnes visuelles ou la mise en valeur de produits et services.<\/div>\t\t\t\t\t\t<\/div>\n\t\t\t\t<\/div>\n\t\t\t\t<div class=\"elementor-element elementor-element-cc71b86 elementor-widget elementor-widget-heading\" data-id=\"cc71b86\" data-element_type=\"widget\" data-widget_type=\"heading.default\">\n\t\t\t\t<div class=\"elementor-widget-container\">\n\t\t\t<h3 class=\"elementor-heading-title elementor-size-default\"><span class=\"ez-toc-section\" id=\"Formats_video_pour_les_ads_Instagram\"><\/span>Formats vid\u00e9o pour les ads Instagram<span class=\"ez-toc-section-end\"><\/span><\/h3>\t\t<\/div>\n\t\t\t\t<\/div>\n\t\t\t\t<div class=\"elementor-element elementor-element-37d0a6f elementor-widget elementor-widget-text-editor\" data-id=\"37d0a6f\" data-element_type=\"widget\" data-widget_type=\"text-editor.default\">\n\t\t\t\t<div class=\"elementor-widget-container\">\n\t\t\t\t\t\t\t<p>Les vid\u00e9os publicitaires sur Instagram sont tr\u00e8s engageantes et permettent de raconter l&#8217;histoire de la marque de mani\u00e8re cr\u00e9ative. Voici les sp\u00e9cifications recommand\u00e9es pour chaque type de format vid\u00e9o :<\/p>\t\t\t\t\t\t<\/div>\n\t\t\t\t<\/div>\n\t\t\t\t<div class=\"elementor-element elementor-element-fce748f elementor-widget elementor-widget-text-editor\" data-id=\"fce748f\" data-element_type=\"widget\" data-widget_type=\"text-editor.default\">\n\t\t\t\t<div class=\"elementor-widget-container\">\n\t\t\t\t\t\t\t<ul><li><strong>Vid\u00e9o carr\u00e9e (Square Video Ads)<\/strong> :<ul><li>Dimensions recommand\u00e9es : 1080 x 1080 pixels<\/li><li>Ratio d&#8217;aspect : 1:1<\/li><li>Taille de fichier maximale : 30MB<\/li><li>Formats de fichier : MP4 et MOV<\/li><\/ul><\/li><li><strong>Vid\u00e9o paysage (Landscape Video Ads)<\/strong> :<ul><li>Dimensions recommand\u00e9es : 1080 x 608 pixels<\/li><li>Ratio d&#8217;aspect : 16:9<\/li><li>Taille de fichier maximale : 30MB<\/li><li>Formats de fichier : MP4 et MOV<\/li><\/ul><\/li><li><strong>Vid\u00e9o verticale (Portrait Video Ads)<\/strong> :<ul><li>Dimensions recommand\u00e9es : 1080 x 1350 pixels<\/li><li>Ratio d&#8217;aspect : 4:5<\/li><li>Taille de fichier maximale : 30MB<\/li><li>Formats de fichier : MP4 et MOV<\/li><\/ul><\/li><li><strong>Publicit\u00e9s vid\u00e9o pour les Stories (Instagram Stories Video Ads)<\/strong> :<ul><li>Dimensions recommand\u00e9es : 1080 x 1920 pixels<\/li><li>Ratio d&#8217;aspect : 9:16<\/li><li>Taille de fichier maximale : 4GB<\/li><li>Formats de fichier : MP4 et MOV<\/li><li>Dur\u00e9e maximale : 120 secondes.<\/li><\/ul><\/li><\/ul>\t\t\t\t\t\t<\/div>\n\t\t\t\t<\/div>\n\t\t\t\t<div class=\"elementor-element elementor-element-a7c7bc9 elementor-widget elementor-widget-heading\" data-id=\"a7c7bc9\" data-element_type=\"widget\" data-widget_type=\"heading.default\">\n\t\t\t\t<div class=\"elementor-widget-container\">\n\t\t\t<h3 class=\"elementor-heading-title elementor-size-default\"><span class=\"ez-toc-section\" id=\"Meilleures_pratiques\"><\/span>Meilleures pratiques<span class=\"ez-toc-section-end\"><\/span><\/h3>\t\t<\/div>\n\t\t\t\t<\/div>\n\t\t\t\t<div class=\"elementor-element elementor-element-a18c9ce elementor-widget elementor-widget-text-editor\" data-id=\"a18c9ce\" data-element_type=\"widget\" data-widget_type=\"text-editor.default\">\n\t\t\t\t<div class=\"elementor-widget-container\">\n\t\t\t\t\t\t\t<div class=\"ql-block\" data-block-id=\"block-0f5bd8e4-9756-4a31-96cd-85cb3e07a49f\">Pour maximiser l&#8217;efficacit\u00e9 de vos publicit\u00e9s Instagram, il est crucial de suivre quelques meilleures pratiques :<\/div><ul><li><strong>Utiliser des vid\u00e9os courtes et captivantes<\/strong> : M\u00eame si Instagram permet des vid\u00e9os allant jusqu&#8217;\u00e0 60 minutes, il est recommand\u00e9 de ne pas d\u00e9passer 120 secondes pour maintenir l&#8217;attention du public.<\/li><li><strong>Optimiser pour le son d\u00e9sactiv\u00e9<\/strong> : Beaucoup d&#8217;utilisateurs regardent les vid\u00e9os sans le son. Assurez-vous que le contenu est compr\u00e9hensible m\u00eame sans audio, en utilisant des sous-titres ou des visuels accrocheurs.<\/li><li><strong>Appel \u00e0 l&#8217;action clair<\/strong> : Inclure des appels \u00e0 l&#8217;action (CTA) explicites pour encourager les utilisateurs \u00e0 interagir avec vos publicit\u00e9s. Les Story ads, par exemple, peuvent inclure des liens cliquables pour augmenter le trafic vers votre site web.<\/li><li><strong>Maintenir la qualit\u00e9 visuelle<\/strong> : Utilisez des images et des vid\u00e9os de haute qualit\u00e9 pour garantir que vos publicit\u00e9s soient attrayantes et professionnelles. Respectez les dimensions recommand\u00e9es pour \u00e9viter que le contenu soit redimensionn\u00e9 et perde de sa qualit\u00e9.<\/li><\/ul><div class=\"ql-block\" data-block-id=\"block-2944d283-add9-4e2b-b8d0-d3693c5baaa8\">En suivant ces lignes directrices, vous pouvez cr\u00e9er des publicit\u00e9s Instagram efficaces qui captivent et engagent votre audience.<\/div>\t\t\t\t\t\t<\/div>\n\t\t\t\t<\/div>\n\t\t\t\t<div class=\"elementor-element elementor-element-6fc8f1b elementor-widget elementor-widget-heading\" data-id=\"6fc8f1b\" data-element_type=\"widget\" data-widget_type=\"heading.default\">\n\t\t\t\t<div class=\"elementor-widget-container\">\n\t\t\t<h2 class=\"elementor-heading-title elementor-size-default\"><span class=\"ez-toc-section\" id=\"Recurperation_des_dimensions_des_visuels_sur_Instagram\"><\/span>R\u00e9curp\u00e9ration des dimensions des visuels sur Instagram<span class=\"ez-toc-section-end\"><\/span><\/h2>\t\t<\/div>\n\t\t\t\t<\/div>\n\t\t\t\t<div class=\"elementor-element elementor-element-099de70 bdt-hide-entries-on-mobile-yes elementor-widget elementor-widget-bdt-table\" data-id=\"099de70\" data-element_type=\"widget\" data-widget_type=\"bdt-table.default\">\n\t\t\t\t<div class=\"elementor-widget-container\">\n\t\t\t\t\t<div class=\"bdt-table bdt-table-default-responsive \" id=\"bdt-table-099de70\">\n\n\n\t\t\t<table><thead>\n<tr>\n<th>Format<\/th>\n<th>Dimensions (en px)<\/th>\n<\/tr>\n<\/thead>\n<tbody>\n<tr><td>Post image Feed<\/td><td>1350x1080px<\/td><\/tr><tr><td>Post image carrousel<\/td><td>1350 x 1080px ou 1080 x 1080px pour l'ADS<\/td><\/tr>\n<td>Post vid\u00e9o<\/td><td>1920 x 1080px<\/td><\/tr>\n<td>Reel<\/td><td>1920 x 1080px<\/td><\/tr>\n<td>Story<\/td><td>1920 x 1080px<\/td><\/tr>\n<td>Publicit\u00e9 vid\u00e9o<\/td><td>1080 x 1080px (Carr\u00e9) ou 1080 x 608px (paysage) ou 1080 x1350px (vertical) <\/td><\/tr>\n<td>Publicit\u00e9 story (image ou vid\u00e9o)<\/td><td>1920x1080px<\/td><\/tr>\n<\/tbody>\n<\/table>\n\t\t<\/div>\n\t\t\t\t<\/div>\n\t\t\t\t<\/div>\n\t\t\t\t\t<\/div>\n\t\t<\/div>\n\t\t\t\t\t<\/div>\n\t\t<\/section>\n\t\t\t\t<\/div>\n\t\t","protected":false},"excerpt":{"rendered":"<p>Aujourd&#8217;hui, Instagram est devenu la plateforme incontournable pour partager du [&hellip;]<\/p>\n","protected":false},"author":1,"featured_media":2509,"comment_status":"closed","ping_status":"closed","sticky":false,"template":"","format":"standard","meta":{"footnotes":""},"categories":[21],"tags":[],"class_list":["post-2809","post","type-post","status-publish","format-standard","has-post-thumbnail","hentry","category-instagram"],"aioseo_notices":[],"_links":{"self":[{"href":"https:\/\/www.dailyfy.co\/fr\/wp-json\/wp\/v2\/posts\/2809","targetHints":{"allow":["GET"]}}],"collection":[{"href":"https:\/\/www.dailyfy.co\/fr\/wp-json\/wp\/v2\/posts"}],"about":[{"href":"https:\/\/www.dailyfy.co\/fr\/wp-json\/wp\/v2\/types\/post"}],"author":[{"embeddable":true,"href":"https:\/\/www.dailyfy.co\/fr\/wp-json\/wp\/v2\/users\/1"}],"replies":[{"embeddable":true,"href":"https:\/\/www.dailyfy.co\/fr\/wp-json\/wp\/v2\/comments?post=2809"}],"version-history":[{"count":15,"href":"https:\/\/www.dailyfy.co\/fr\/wp-json\/wp\/v2\/posts\/2809\/revisions"}],"predecessor-version":[{"id":4276,"href":"https:\/\/www.dailyfy.co\/fr\/wp-json\/wp\/v2\/posts\/2809\/revisions\/4276"}],"wp:featuredmedia":[{"embeddable":true,"href":"https:\/\/www.dailyfy.co\/fr\/wp-json\/wp\/v2\/media\/2509"}],"wp:attachment":[{"href":"https:\/\/www.dailyfy.co\/fr\/wp-json\/wp\/v2\/media?parent=2809"}],"wp:term":[{"taxonomy":"category","embeddable":true,"href":"https:\/\/www.dailyfy.co\/fr\/wp-json\/wp\/v2\/categories?post=2809"},{"taxonomy":"post_tag","embeddable":true,"href":"https:\/\/www.dailyfy.co\/fr\/wp-json\/wp\/v2\/tags?post=2809"}],"curies":[{"name":"wp","href":"https:\/\/api.w.org\/{rel}","templated":true}]}}