{"id":2742,"date":"2024-06-16T10:59:51","date_gmt":"2024-06-16T10:59:51","guid":{"rendered":"https:\/\/www.dailyfy.co\/?p=2742"},"modified":"2024-06-16T11:06:50","modified_gmt":"2024-06-16T11:06:50","slug":"difference-community-manager-et-social-media-manager","status":"publish","type":"post","link":"https:\/\/www.dailyfy.co\/fr\/blog\/difference-community-manager-et-social-media-manager\/","title":{"rendered":"Comprendre la diff\u00e9rence entre un Community Manager et un Social Media Manager"},"content":{"rendered":"\t\t<div data-elementor-type=\"wp-post\" data-elementor-id=\"2742\" class=\"elementor elementor-2742\" data-elementor-settings=\"{&quot;element_pack_global_tooltip_width&quot;:{&quot;unit&quot;:&quot;px&quot;,&quot;size&quot;:&quot;&quot;,&quot;sizes&quot;:[]},&quot;element_pack_global_tooltip_width_tablet&quot;:{&quot;unit&quot;:&quot;px&quot;,&quot;size&quot;:&quot;&quot;,&quot;sizes&quot;:[]},&quot;element_pack_global_tooltip_width_mobile&quot;:{&quot;unit&quot;:&quot;px&quot;,&quot;size&quot;:&quot;&quot;,&quot;sizes&quot;:[]},&quot;element_pack_global_tooltip_padding&quot;:{&quot;unit&quot;:&quot;px&quot;,&quot;top&quot;:&quot;&quot;,&quot;right&quot;:&quot;&quot;,&quot;bottom&quot;:&quot;&quot;,&quot;left&quot;:&quot;&quot;,&quot;isLinked&quot;:true},&quot;element_pack_global_tooltip_padding_tablet&quot;:{&quot;unit&quot;:&quot;px&quot;,&quot;top&quot;:&quot;&quot;,&quot;right&quot;:&quot;&quot;,&quot;bottom&quot;:&quot;&quot;,&quot;left&quot;:&quot;&quot;,&quot;isLinked&quot;:true},&quot;element_pack_global_tooltip_padding_mobile&quot;:{&quot;unit&quot;:&quot;px&quot;,&quot;top&quot;:&quot;&quot;,&quot;right&quot;:&quot;&quot;,&quot;bottom&quot;:&quot;&quot;,&quot;left&quot;:&quot;&quot;,&quot;isLinked&quot;:true},&quot;element_pack_global_tooltip_border_radius&quot;:{&quot;unit&quot;:&quot;px&quot;,&quot;top&quot;:&quot;&quot;,&quot;right&quot;:&quot;&quot;,&quot;bottom&quot;:&quot;&quot;,&quot;left&quot;:&quot;&quot;,&quot;isLinked&quot;:true},&quot;element_pack_global_tooltip_border_radius_tablet&quot;:{&quot;unit&quot;:&quot;px&quot;,&quot;top&quot;:&quot;&quot;,&quot;right&quot;:&quot;&quot;,&quot;bottom&quot;:&quot;&quot;,&quot;left&quot;:&quot;&quot;,&quot;isLinked&quot;:true},&quot;element_pack_global_tooltip_border_radius_mobile&quot;:{&quot;unit&quot;:&quot;px&quot;,&quot;top&quot;:&quot;&quot;,&quot;right&quot;:&quot;&quot;,&quot;bottom&quot;:&quot;&quot;,&quot;left&quot;:&quot;&quot;,&quot;isLinked&quot;:true}}\">\n\t\t\t\t\t\t<section class=\"elementor-section elementor-top-section elementor-element elementor-element-eb78aad elementor-section-boxed elementor-section-height-default elementor-section-height-default\" data-id=\"eb78aad\" data-element_type=\"section\">\n\t\t\t\t\t\t<div class=\"elementor-container elementor-column-gap-default\">\n\t\t\t\t\t<div class=\"elementor-column elementor-col-100 elementor-top-column elementor-element elementor-element-8dad1cc\" data-id=\"8dad1cc\" data-element_type=\"column\">\n\t\t\t<div class=\"elementor-widget-wrap elementor-element-populated\">\n\t\t\t\t\t\t<div class=\"elementor-element elementor-element-f1e61b1 elementor-widget elementor-widget-text-editor\" data-id=\"f1e61b1\" data-element_type=\"widget\" data-widget_type=\"text-editor.default\">\n\t\t\t\t<div class=\"elementor-widget-container\">\n\t\t\t<style>\/*! elementor - v3.23.0 - 05-08-2024 *\/\n.elementor-widget-text-editor.elementor-drop-cap-view-stacked .elementor-drop-cap{background-color:#69727d;color:#fff}.elementor-widget-text-editor.elementor-drop-cap-view-framed .elementor-drop-cap{color:#69727d;border:3px solid;background-color:transparent}.elementor-widget-text-editor:not(.elementor-drop-cap-view-default) .elementor-drop-cap{margin-top:8px}.elementor-widget-text-editor:not(.elementor-drop-cap-view-default) .elementor-drop-cap-letter{width:1em;height:1em}.elementor-widget-text-editor .elementor-drop-cap{float:left;text-align:center;line-height:1;font-size:50px}.elementor-widget-text-editor .elementor-drop-cap-letter{display:inline-block}<\/style>\t\t\t\t<p>Dans le monde des r\u00e9seaux sociaux, <strong>comprendre la diff\u00e9rence entre community manager et social media manager est crucial<\/strong> pour optimiser la communication d&#8217;une entreprise. Alors que le social media manager est charg\u00e9 de g\u00e9rer tous les aspects des m\u00e9dias sociaux d&#8217;une entreprise, y compris le d\u00e9veloppement et la mise en \u0153uvre de la strat\u00e9gie sur les r\u00e9seaux sociaux, le community manager, quant \u00e0 lui, se concentre sur la cr\u00e9ation et la gestion de communaut\u00e9s en ligne, en promouvant la marque de mani\u00e8re directe et en interagissant avec le public \u00e0 un niveau personnel. Cette distinction souligne l&#8217;importance sp\u00e9cifique de chaque r\u00f4le dans le domaine de la communication num\u00e9rique.<br \/>Les <strong>deux r\u00f4les contribuent significativement \u00e0 l&#8217;animation des r\u00e9seaux sociaux<\/strong>, chacun visant \u00e0 accro\u00eetre la taille et l&#8217;activit\u00e9 de la communaut\u00e9, ce qui peut mener \u00e0 l&#8217;acquisition de clients potentiels. La principale diff\u00e9rence entre community manager et social media manager r\u00e9side dans leurs approches respectives : strat\u00e9gie contre engagement communautaire, repr\u00e9sentation de la marque, cr\u00e9ation de contenu et indicateurs de performance. Alors que la gestion des m\u00e9dias sociaux requiert relativement peu de temps et peut \u00eatre efficace imm\u00e9diatement, la gestion communautaire est essentielle pour entretenir des relations avec un public ayant d\u00e9j\u00e0 achet\u00e9 des produits ou pouvant \u00eatre tent\u00e9.<\/p>\t\t\t\t\t\t<\/div>\n\t\t\t\t<\/div>\n\t\t\t\t<div class=\"elementor-element elementor-element-654fdd0 elementor-widget elementor-widget-html\" data-id=\"654fdd0\" data-element_type=\"widget\" data-widget_type=\"html.default\">\n\t\t\t\t<div class=\"elementor-widget-container\">\n\t\t\t<iframe src=\"https:\/\/giphy.com\/embed\/9ovg8M24Qnuu4xuJVo\" width=\"480\" height=\"271\" style=\"\" frameBorder=\"0\" class=\"giphy-embed\" allowFullScreen><\/iframe><p><a href=\"https:\/\/giphy.com\/gifs\/stadtradionuernberg-tippen-stadtradio-srn21-9ovg8M24Qnuu4xuJVo\">via GIPHY<\/a><\/p>\t\t<\/div>\n\t\t\t\t<\/div>\n\t\t\t\t\t<\/div>\n\t\t<\/div>\n\t\t\t\t\t<\/div>\n\t\t<\/section>\n\t\t\t\t<section class=\"elementor-section elementor-top-section elementor-element elementor-element-b07d539 elementor-section-boxed elementor-section-height-default elementor-section-height-default\" data-id=\"b07d539\" data-element_type=\"section\">\n\t\t\t\t\t\t<div class=\"elementor-container elementor-column-gap-default\">\n\t\t\t\t\t<div class=\"elementor-column elementor-col-100 elementor-top-column elementor-element elementor-element-f21ae95\" data-id=\"f21ae95\" data-element_type=\"column\">\n\t\t\t<div class=\"elementor-widget-wrap elementor-element-populated\">\n\t\t\t\t\t\t<div class=\"elementor-element elementor-element-979da3f elementor-widget elementor-widget-heading\" data-id=\"979da3f\" data-element_type=\"widget\" data-widget_type=\"heading.default\">\n\t\t\t\t<div class=\"elementor-widget-container\">\n\t\t\t<style>\/*! elementor - v3.23.0 - 05-08-2024 *\/\n.elementor-heading-title{padding:0;margin:0;line-height:1}.elementor-widget-heading .elementor-heading-title[class*=elementor-size-]>a{color:inherit;font-size:inherit;line-height:inherit}.elementor-widget-heading .elementor-heading-title.elementor-size-small{font-size:15px}.elementor-widget-heading .elementor-heading-title.elementor-size-medium{font-size:19px}.elementor-widget-heading .elementor-heading-title.elementor-size-large{font-size:29px}.elementor-widget-heading .elementor-heading-title.elementor-size-xl{font-size:39px}.elementor-widget-heading .elementor-heading-title.elementor-size-xxl{font-size:59px}<\/style><div id=\"ez-toc-container\" class=\"ez-toc-v2_0_69_1 ez-toc-wrap-center counter-hierarchy ez-toc-counter ez-toc-black ez-toc-container-direction\">\n<div class=\"ez-toc-title-container\">\n<p class=\"ez-toc-title \" >Table des mati&egrave;res<\/p>\n<span class=\"ez-toc-title-toggle\"><a href=\"#\" class=\"ez-toc-pull-right ez-toc-btn ez-toc-btn-xs ez-toc-btn-default ez-toc-toggle\" aria-label=\"Toggle Table of Content\"><span class=\"ez-toc-js-icon-con\"><span class=\"\"><span class=\"eztoc-hide\" style=\"display:none;\">Toggle<\/span><span class=\"ez-toc-icon-toggle-span\"><svg style=\"fill: #999;color:#999\" xmlns=\"http:\/\/www.w3.org\/2000\/svg\" class=\"list-377408\" width=\"20px\" height=\"20px\" viewBox=\"0 0 24 24\" fill=\"none\"><path d=\"M6 6H4v2h2V6zm14 0H8v2h12V6zM4 11h2v2H4v-2zm16 0H8v2h12v-2zM4 16h2v2H4v-2zm16 0H8v2h12v-2z\" fill=\"currentColor\"><\/path><\/svg><svg style=\"fill: #999;color:#999\" class=\"arrow-unsorted-368013\" xmlns=\"http:\/\/www.w3.org\/2000\/svg\" width=\"10px\" height=\"10px\" viewBox=\"0 0 24 24\" version=\"1.2\" baseProfile=\"tiny\"><path d=\"M18.2 9.3l-6.2-6.3-6.2 6.3c-.2.2-.3.4-.3.7s.1.5.3.7c.2.2.4.3.7.3h11c.3 0 .5-.1.7-.3.2-.2.3-.5.3-.7s-.1-.5-.3-.7zM5.8 14.7l6.2 6.3 6.2-6.3c.2-.2.3-.5.3-.7s-.1-.5-.3-.7c-.2-.2-.4-.3-.7-.3h-11c-.3 0-.5.1-.7.3-.2.2-.3.5-.3.7s.1.5.3.7z\"\/><\/svg><\/span><\/span><\/span><\/a><\/span><\/div>\n<nav><ul class='ez-toc-list ez-toc-list-level-1 ' ><li class='ez-toc-page-1 ez-toc-heading-level-2'><a class=\"ez-toc-link ez-toc-heading-1\" href=\"https:\/\/www.dailyfy.co\/fr\/blog\/difference-community-manager-et-social-media-manager\/#Quest-ce_quun_Community_Manager\" title=\"Qu&#039;est-ce qu&#039;un Community Manager ?\">Qu'est-ce qu'un Community Manager ?<\/a><ul class='ez-toc-list-level-3' ><li class='ez-toc-heading-level-3'><a class=\"ez-toc-link ez-toc-heading-2\" href=\"https:\/\/www.dailyfy.co\/fr\/blog\/difference-community-manager-et-social-media-manager\/#Responsabilites_et_Competences\" title=\"Responsabilit\u00e9s et Comp\u00e9tences\">Responsabilit\u00e9s et Comp\u00e9tences<\/a><\/li><li class='ez-toc-page-1 ez-toc-heading-level-3'><a class=\"ez-toc-link ez-toc-heading-3\" href=\"https:\/\/www.dailyfy.co\/fr\/blog\/difference-community-manager-et-social-media-manager\/#Environnement_de_Travail_et_Remuneration\" title=\"Environnement de Travail et R\u00e9mun\u00e9ration\">Environnement de Travail et R\u00e9mun\u00e9ration<\/a><\/li><\/ul><\/li><li class='ez-toc-page-1 ez-toc-heading-level-2'><a class=\"ez-toc-link ez-toc-heading-4\" href=\"https:\/\/www.dailyfy.co\/fr\/blog\/difference-community-manager-et-social-media-manager\/#Quest-ce_quun_Social_Media_Manager\" title=\"Qu&#039;est-ce qu&#039;un Social Media Manager ?\">Qu'est-ce qu'un Social Media Manager ?<\/a><ul class='ez-toc-list-level-3' ><li class='ez-toc-heading-level-3'><a class=\"ez-toc-link ez-toc-heading-5\" href=\"https:\/\/www.dailyfy.co\/fr\/blog\/difference-community-manager-et-social-media-manager\/#Responsabilites_et_Competences-2\" title=\"Responsabilit\u00e9s et Comp\u00e9tences\">Responsabilit\u00e9s et Comp\u00e9tences<\/a><\/li><li class='ez-toc-page-1 ez-toc-heading-level-3'><a class=\"ez-toc-link ez-toc-heading-6\" href=\"https:\/\/www.dailyfy.co\/fr\/blog\/difference-community-manager-et-social-media-manager\/#Competences_et_Qualifications\" title=\"Comp\u00e9tences et Qualifications\">Comp\u00e9tences et Qualifications<\/a><\/li><\/ul><\/li><li class='ez-toc-page-1 ez-toc-heading-level-2'><a class=\"ez-toc-link ez-toc-heading-7\" href=\"https:\/\/www.dailyfy.co\/fr\/blog\/difference-community-manager-et-social-media-manager\/#Points_communs_entre_un_Community_Manager_et_un_Social_Media_Manager\" title=\"Points communs entre un Community Manager et un Social Media Manager\">Points communs entre un Community Manager et un Social Media Manager<\/a><\/li><li class='ez-toc-page-1 ez-toc-heading-level-2'><a class=\"ez-toc-link ez-toc-heading-8\" href=\"https:\/\/www.dailyfy.co\/fr\/blog\/difference-community-manager-et-social-media-manager\/#Differences_cles_entre_un_Community_Manager_et_un_Social_Media_Manager\" title=\"Diff\u00e9rences cl\u00e9s entre un Community Manager et un Social Media Manager\">Diff\u00e9rences cl\u00e9s entre un Community Manager et un Social Media Manager<\/a><ul class='ez-toc-list-level-3' ><li class='ez-toc-heading-level-3'><a class=\"ez-toc-link ez-toc-heading-9\" href=\"https:\/\/www.dailyfy.co\/fr\/blog\/difference-community-manager-et-social-media-manager\/#Strategie_et_Developpement\" title=\"Strat\u00e9gie et D\u00e9veloppement\">Strat\u00e9gie et D\u00e9veloppement<\/a><\/li><li class='ez-toc-page-1 ez-toc-heading-level-3'><a class=\"ez-toc-link ez-toc-heading-10\" href=\"https:\/\/www.dailyfy.co\/fr\/blog\/difference-community-manager-et-social-media-manager\/#Creation_de_Contenu_et_Interaction\" title=\"Cr\u00e9ation de Contenu et Interaction\">Cr\u00e9ation de Contenu et Interaction<\/a><\/li><li class='ez-toc-page-1 ez-toc-heading-level-3'><a class=\"ez-toc-link ez-toc-heading-11\" href=\"https:\/\/www.dailyfy.co\/fr\/blog\/difference-community-manager-et-social-media-manager\/#Acquisition_et_Retention_de_Clients\" title=\"Acquisition et R\u00e9tention de Clients\">Acquisition et R\u00e9tention de Clients<\/a><\/li><\/ul><\/li><li class='ez-toc-page-1 ez-toc-heading-level-2'><a class=\"ez-toc-link ez-toc-heading-12\" href=\"https:\/\/www.dailyfy.co\/fr\/blog\/difference-community-manager-et-social-media-manager\/#Comment_choisir_entre_un_Community_Manager_et_un_Social_Media_Manager\" title=\"Comment choisir entre un Community Manager et un Social Media Manager ?\">Comment choisir entre un Community Manager et un Social Media Manager ?<\/a><\/li><li class='ez-toc-page-1 ez-toc-heading-level-2'><a class=\"ez-toc-link ez-toc-heading-13\" href=\"https:\/\/www.dailyfy.co\/fr\/blog\/difference-community-manager-et-social-media-manager\/#Conclusion\" title=\"Conclusion\">Conclusion<\/a><\/li><\/ul><\/nav><\/div>\n<h2 class=\"elementor-heading-title elementor-size-default\"><span class=\"ez-toc-section\" id=\"Quest-ce_quun_Community_Manager\"><\/span>Qu'est-ce qu'un Community Manager ?<span class=\"ez-toc-section-end\"><\/span><\/h2>\t\t<\/div>\n\t\t\t\t<\/div>\n\t\t\t\t<div class=\"elementor-element elementor-element-568306f elementor-widget elementor-widget-text-editor\" data-id=\"568306f\" data-element_type=\"widget\" data-widget_type=\"text-editor.default\">\n\t\t\t\t<div class=\"elementor-widget-container\">\n\t\t\t\t\t\t\t<p>Un Community Manager (CM) joue un r\u00f4le crucial en agissant comme l&#8217;<strong>interm\u00e9diaire principal entre la marque et son public sur les plateformes de r\u00e9seaux sociaux<\/strong>. Cette position exige une interaction directe avec l&#8217;audience, r\u00e9pondant aux questions et offrant un soutien, tout en cr\u00e9ant et g\u00e9rant des communaut\u00e9s en ligne pour renforcer les relations et la fid\u00e9lit\u00e9. Le CM doit \u00e9galement <strong>surveiller et mod\u00e9rer le contenu g\u00e9n\u00e9r\u00e9 par les utilisateurs pour assurer un environnement positif<\/strong>.<\/p>\t\t\t\t\t\t<\/div>\n\t\t\t\t<\/div>\n\t\t\t\t\t<\/div>\n\t\t<\/div>\n\t\t\t\t\t<\/div>\n\t\t<\/section>\n\t\t\t\t<section class=\"elementor-section elementor-top-section elementor-element elementor-element-b1088bd elementor-section-boxed elementor-section-height-default elementor-section-height-default\" data-id=\"b1088bd\" data-element_type=\"section\">\n\t\t\t\t\t\t<div class=\"elementor-container elementor-column-gap-default\">\n\t\t\t\t\t<div class=\"elementor-column elementor-col-100 elementor-top-column elementor-element elementor-element-60ba6f7\" data-id=\"60ba6f7\" data-element_type=\"column\">\n\t\t\t<div class=\"elementor-widget-wrap elementor-element-populated\">\n\t\t\t\t\t\t<div class=\"elementor-element elementor-element-8f7bc90 elementor-widget elementor-widget-heading\" data-id=\"8f7bc90\" data-element_type=\"widget\" data-widget_type=\"heading.default\">\n\t\t\t\t<div class=\"elementor-widget-container\">\n\t\t\t<h3 class=\"elementor-heading-title elementor-size-default\"><span class=\"ez-toc-section\" id=\"Responsabilites_et_Competences\"><\/span>Responsabilit\u00e9s et Comp\u00e9tences<span class=\"ez-toc-section-end\"><\/span><\/h3>\t\t<\/div>\n\t\t\t\t<\/div>\n\t\t\t\t<div class=\"elementor-element elementor-element-eec10df elementor-widget elementor-widget-text-editor\" data-id=\"eec10df\" data-element_type=\"widget\" data-widget_type=\"text-editor.default\">\n\t\t\t\t<div class=\"elementor-widget-container\">\n\t\t\t\t\t\t\t<ol><li><strong>Gestion de contenu et interaction<\/strong> : Cr\u00e9e des contenus engageants, promeut la marque sur les plateformes sociales, participe \u00e0 des conversations avec les clients, cr\u00e9e et g\u00e8re des communaut\u00e9s en ligne, mod\u00e8re le contenu g\u00e9n\u00e9r\u00e9 par les utilisateurs, et r\u00e9pond aux demandes des clients.<\/li><li><strong>Surveillance et strat\u00e9gie<\/strong> : Implique une surveillance constante du web pour suivre les nouvelles tendances, une connaissance approfondie de l&#8217;utilisation des r\u00e9seaux sociaux pour cr\u00e9er du buzz, et la capacit\u00e9 de mettre en \u0153uvre des strat\u00e9gies de croissance.<\/li><li><strong>Comp\u00e9tences techniques et cr\u00e9atives<\/strong> : Ma\u00eetrise des principales plateformes de m\u00e9dias sociaux et des outils d\u00e9di\u00e9s, comp\u00e9tences en cr\u00e9ation de contenu (r\u00e9daction, mise en forme, utilisation de photos), et connaissance des pratiques de SEO et d&#8217;analyse du trafic web.<\/li><\/ol>\t\t\t\t\t\t<\/div>\n\t\t\t\t<\/div>\n\t\t\t\t<div class=\"elementor-element elementor-element-c800bd9 elementor-widget elementor-widget-heading\" data-id=\"c800bd9\" data-element_type=\"widget\" data-widget_type=\"heading.default\">\n\t\t\t\t<div class=\"elementor-widget-container\">\n\t\t\t<h3 class=\"elementor-heading-title elementor-size-default\"><span class=\"ez-toc-section\" id=\"Environnement_de_Travail_et_Remuneration\"><\/span>Environnement de Travail et R\u00e9mun\u00e9ration<span class=\"ez-toc-section-end\"><\/span><\/h3>\t\t<\/div>\n\t\t\t\t<\/div>\n\t\t\t\t<div class=\"elementor-element elementor-element-956b915 elementor-widget elementor-widget-text-editor\" data-id=\"956b915\" data-element_type=\"widget\" data-widget_type=\"text-editor.default\">\n\t\t\t\t<div class=\"elementor-widget-container\">\n\t\t\t\t\t\t\tLe Community Manager peut travailler comme freelance, souvent sous le statut d&#8217;auto-entrepreneur, dans une agence web ou une agence de communication digitale sp\u00e9cialis\u00e9e, ou directement dans une entreprise ou une association o\u00f9 l&#8217;activit\u00e9 est internalis\u00e9e. Les salaires varient selon l&#8217;exp\u00e9rience et le lieu, allant de 20K \u00e0 25K \u20ac\/an pour un junior, jusqu&#8217;\u00e0 55K \u20ac\/an pour des profils experts. (source : indeed)\t\t\t\t\t\t<\/div>\n\t\t\t\t<\/div>\n\t\t\t\t\t<\/div>\n\t\t<\/div>\n\t\t\t\t\t<\/div>\n\t\t<\/section>\n\t\t\t\t<section class=\"elementor-section elementor-top-section elementor-element elementor-element-ccbbf16 elementor-section-boxed elementor-section-height-default elementor-section-height-default\" data-id=\"ccbbf16\" data-element_type=\"section\">\n\t\t\t\t\t\t<div class=\"elementor-container elementor-column-gap-default\">\n\t\t\t\t\t<div class=\"elementor-column elementor-col-100 elementor-top-column elementor-element elementor-element-f663801\" data-id=\"f663801\" data-element_type=\"column\">\n\t\t\t<div class=\"elementor-widget-wrap elementor-element-populated\">\n\t\t\t\t\t\t<div class=\"elementor-element elementor-element-e3bf1fb elementor-widget elementor-widget-heading\" data-id=\"e3bf1fb\" data-element_type=\"widget\" data-widget_type=\"heading.default\">\n\t\t\t\t<div class=\"elementor-widget-container\">\n\t\t\t<h2 class=\"elementor-heading-title elementor-size-default\"><span class=\"ez-toc-section\" id=\"Quest-ce_quun_Social_Media_Manager\"><\/span>Qu'est-ce qu'un Social Media Manager ?<span class=\"ez-toc-section-end\"><\/span><\/h2>\t\t<\/div>\n\t\t\t\t<\/div>\n\t\t\t\t<div class=\"elementor-element elementor-element-c00df9a elementor-widget elementor-widget-text-editor\" data-id=\"c00df9a\" data-element_type=\"widget\" data-widget_type=\"text-editor.default\">\n\t\t\t\t<div class=\"elementor-widget-container\">\n\t\t\t\t\t\t\t<p>Un Social Media Manager (SMM) est un professionnel cl\u00e9 dans la strat\u00e9gie num\u00e9rique d&#8217;une entreprise, <strong>charg\u00e9 de d\u00e9velopper et de g\u00e9rer la pr\u00e9sence en ligne d&#8217;une marque sur diverses plateformes de r\u00e9seaux sociaux<\/strong>. Leur mission principale consiste \u00e0 accro\u00eetre la visibilit\u00e9 de la marque et \u00e0 engager activement avec les audiences cibles \u00e0 travers des contenus innovants et des campagnes publicitaires strat\u00e9giques.<\/p>\t\t\t\t\t\t<\/div>\n\t\t\t\t<\/div>\n\t\t\t\t\t<\/div>\n\t\t<\/div>\n\t\t\t\t\t<\/div>\n\t\t<\/section>\n\t\t\t\t<section class=\"elementor-section elementor-top-section elementor-element elementor-element-20e93f5 elementor-section-boxed elementor-section-height-default elementor-section-height-default\" data-id=\"20e93f5\" data-element_type=\"section\">\n\t\t\t\t\t\t<div class=\"elementor-container elementor-column-gap-default\">\n\t\t\t\t\t<div class=\"elementor-column elementor-col-100 elementor-top-column elementor-element elementor-element-4b7ca40\" data-id=\"4b7ca40\" data-element_type=\"column\">\n\t\t\t<div class=\"elementor-widget-wrap elementor-element-populated\">\n\t\t\t\t\t\t<div class=\"elementor-element elementor-element-4610f65 elementor-widget elementor-widget-heading\" data-id=\"4610f65\" data-element_type=\"widget\" data-widget_type=\"heading.default\">\n\t\t\t\t<div class=\"elementor-widget-container\">\n\t\t\t<h3 class=\"elementor-heading-title elementor-size-default\"><span class=\"ez-toc-section\" id=\"Responsabilites_et_Competences-2\"><\/span>Responsabilit\u00e9s et Comp\u00e9tences<span class=\"ez-toc-section-end\"><\/span><\/h3>\t\t<\/div>\n\t\t\t\t<\/div>\n\t\t\t\t<div class=\"elementor-element elementor-element-d6514db elementor-widget elementor-widget-text-editor\" data-id=\"d6514db\" data-element_type=\"widget\" data-widget_type=\"text-editor.default\">\n\t\t\t\t<div class=\"elementor-widget-container\">\n\t\t\t\t\t\t\t<ol><li><strong>Strat\u00e9gie Num\u00e9rique<\/strong>: D\u00e9veloppe et impl\u00e9mente des strat\u00e9gies sur les r\u00e9seaux sociaux en se concentrant sur les tendances actuelles et futures pour maximiser l&#8217;impact de la marque.<\/li><li><strong>Cr\u00e9ation de Contenu<\/strong>: Planifie et publie du contenu vari\u00e9 (posts, vid\u00e9os, infographies) adapt\u00e9 \u00e0 chaque plateforme et \u00e0 chaque audience.<\/li><li><strong>Analyse de Performance<\/strong>: Utilise des outils d&#8217;analyse pour \u00e9valuer l&#8217;efficacit\u00e9 des strat\u00e9gies et ajuste les plans en cons\u00e9quence. Cette analyse aide \u00e0 comprendre quel contenu fonctionne le mieux et pourquoi.<\/li><li><strong>Gestion d&#8217;\u00c9quipe<\/strong>: Dirige et coordonne une \u00e9quipe de community managers, s&#8217;assurant que les t\u00e2ches sont bien ex\u00e9cut\u00e9es et que les objectifs de la marque sont atteints .<\/li><li><strong>Budget et Publicit\u00e9<\/strong>: G\u00e8re le budget des campagnes publicitaires sur les r\u00e9seaux sociaux et s&#8217;assure que les investissements sont rentables.<\/li><\/ol>\t\t\t\t\t\t<\/div>\n\t\t\t\t<\/div>\n\t\t\t\t<div class=\"elementor-element elementor-element-7a38e5d elementor-widget elementor-widget-heading\" data-id=\"7a38e5d\" data-element_type=\"widget\" data-widget_type=\"heading.default\">\n\t\t\t\t<div class=\"elementor-widget-container\">\n\t\t\t<h3 class=\"elementor-heading-title elementor-size-default\"><span class=\"ez-toc-section\" id=\"Competences_et_Qualifications\"><\/span>Comp\u00e9tences et Qualifications<span class=\"ez-toc-section-end\"><\/span><\/h3>\t\t<\/div>\n\t\t\t\t<\/div>\n\t\t\t\t<div class=\"elementor-element elementor-element-7d29bfa elementor-widget elementor-widget-text-editor\" data-id=\"7d29bfa\" data-element_type=\"widget\" data-widget_type=\"text-editor.default\">\n\t\t\t\t<div class=\"elementor-widget-container\">\n\t\t\t\t\t\t\t<ul><li><strong>Comp\u00e9tences en communication et en r\u00e9daction<\/strong>: Essentielles pour cr\u00e9er des contenus attrayants et pour interagir efficacement avec les utilisateurs.<\/li>\n\n \t<li><strong>Connaissance approfondie des tendances num\u00e9riques<\/strong>: Capable d&#8217;identifier et d&#8217;impl\u00e9menter les derni\u00e8res innovations en mati\u00e8re de m\u00e9dias sociaux pour rester comp\u00e9titif<span style=\"font-size: 13.3333px;\">.<\/span><\/li>\n \t<li><strong>Capacit\u00e9s d&#8217;analyse<\/strong>: Comp\u00e9tences en analyse de donn\u00e9es pour mesurer l&#8217;efficacit\u00e9 des strat\u00e9gies et optimiser les retours sur investissemen.<\/li>\n \t<li><strong>Formation<\/strong>: G\u00e9n\u00e9ralement, un dipl\u00f4me en marketing, communication ou domaine connexe, souvent compl\u00e9t\u00e9 par une sp\u00e9cialisation en strat\u00e9gie digitale.<\/li>\n<\/ul>\nEn r\u00e9sum\u00e9, le Social Media Manager joue un r\u00f4le strat\u00e9gique et cr\u00e9atif, essentiel pour aligner les objectifs de communication num\u00e9rique d&#8217;une entreprise avec les attentes et les comportements de son public cible.\t\t\t\t\t\t<\/div>\n\t\t\t\t<\/div>\n\t\t\t\t\t<\/div>\n\t\t<\/div>\n\t\t\t\t\t<\/div>\n\t\t<\/section>\n\t\t\t\t<section class=\"elementor-section elementor-top-section elementor-element elementor-element-1cba2fe elementor-section-boxed elementor-section-height-default elementor-section-height-default\" data-id=\"1cba2fe\" data-element_type=\"section\">\n\t\t\t\t\t\t<div class=\"elementor-container elementor-column-gap-default\">\n\t\t\t\t\t<div class=\"elementor-column elementor-col-100 elementor-top-column elementor-element elementor-element-8b537d4\" data-id=\"8b537d4\" data-element_type=\"column\">\n\t\t\t<div class=\"elementor-widget-wrap elementor-element-populated\">\n\t\t\t\t\t\t<div class=\"elementor-element elementor-element-b338b44 elementor-widget elementor-widget-heading\" data-id=\"b338b44\" data-element_type=\"widget\" data-widget_type=\"heading.default\">\n\t\t\t\t<div class=\"elementor-widget-container\">\n\t\t\t<h2 class=\"elementor-heading-title elementor-size-default\"><span class=\"ez-toc-section\" id=\"Points_communs_entre_un_Community_Manager_et_un_Social_Media_Manager\"><\/span>Points communs entre un Community Manager et un Social Media Manager<span class=\"ez-toc-section-end\"><\/span><\/h2>\t\t<\/div>\n\t\t\t\t<\/div>\n\t\t\t\t<div class=\"elementor-element elementor-element-6a06b0a elementor-widget elementor-widget-text-editor\" data-id=\"6a06b0a\" data-element_type=\"widget\" data-widget_type=\"text-editor.default\">\n\t\t\t\t<div class=\"elementor-widget-container\">\n\t\t\t\t\t\t\tLes Community Managers et les Social Media Managers jouent des r\u00f4les compl\u00e9mentaires dans la strat\u00e9gie de m\u00e9dias sociaux d&#8217;une entreprise, bien qu&#8217;ils se concentrent sur diff\u00e9rents aspects de la communication et de l&#8217;engagement en ligne.\n\nVoici quelques points communs essentiels entre ces deux professions :\n<ol>\n \t<li><strong>Collaboration sur la strat\u00e9gie de contenu :<\/strong> Les deux r\u00f4les collaborent \u00e9troitement pour \u00e9laborer des strat\u00e9gies de contenu, r\u00e9pondre aux questions des utilisateurs et maintenir une pr\u00e9sence en ligne coh\u00e9rente et engageante.<\/li>\n \t<li><strong>Construction et maintien de la communaut\u00e9 :<\/strong> Tandis que le Community Manager cible de nouveaux fans et agit comme ambassadeur de la marque, le Social Media Manager utilise les plateformes pour promouvoir la marque et engager le public. Ensemble, ils travaillent \u00e0 b\u00e2tir et \u00e0 maintenir une communaut\u00e9 solide et engag\u00e9e.<\/li>\n \t<li><strong>\u00c9coute et interaction avec l&#8217;audience :<\/strong> L&#8217;\u00e9coute active et les interactions continues avec l&#8217;audience sont cruciales pour les deux r\u00f4les. Ils partagent la responsabilit\u00e9 de converser avec l&#8217;audience, ce qui aide \u00e0 renforcer les relations avec les clients existants et \u00e0 attirer de nouveaux clients.<\/li>\n<\/ol>\nCes points soulignent l&#8217;importance d&#8217;une collaboration efficace entre les Community Managers et les Social Media Managers pour maximiser l&#8217;impact des strat\u00e9gies de m\u00e9dias sociaux des entreprises.\t\t\t\t\t\t<\/div>\n\t\t\t\t<\/div>\n\t\t\t\t\t<\/div>\n\t\t<\/div>\n\t\t\t\t\t<\/div>\n\t\t<\/section>\n\t\t\t\t<section class=\"elementor-section elementor-top-section elementor-element elementor-element-60b295a elementor-section-boxed elementor-section-height-default elementor-section-height-default\" data-id=\"60b295a\" data-element_type=\"section\">\n\t\t\t\t\t\t<div class=\"elementor-container elementor-column-gap-default\">\n\t\t\t\t\t<div class=\"elementor-column elementor-col-100 elementor-top-column elementor-element elementor-element-74b2f43\" data-id=\"74b2f43\" data-element_type=\"column\">\n\t\t\t<div class=\"elementor-widget-wrap elementor-element-populated\">\n\t\t\t\t\t\t<div class=\"elementor-element elementor-element-40aea0a elementor-widget elementor-widget-heading\" data-id=\"40aea0a\" data-element_type=\"widget\" data-widget_type=\"heading.default\">\n\t\t\t\t<div class=\"elementor-widget-container\">\n\t\t\t<h2 class=\"elementor-heading-title elementor-size-default\"><span class=\"ez-toc-section\" id=\"Differences_cles_entre_un_Community_Manager_et_un_Social_Media_Manager\"><\/span>Diff\u00e9rences cl\u00e9s entre un Community Manager et un Social Media Manager<span class=\"ez-toc-section-end\"><\/span><\/h2>\t\t<\/div>\n\t\t\t\t<\/div>\n\t\t\t\t<div class=\"elementor-element elementor-element-d5bf3c6 elementor-widget elementor-widget-heading\" data-id=\"d5bf3c6\" data-element_type=\"widget\" data-widget_type=\"heading.default\">\n\t\t\t\t<div class=\"elementor-widget-container\">\n\t\t\t<h3 class=\"elementor-heading-title elementor-size-default\"><span class=\"ez-toc-section\" id=\"Strategie_et_Developpement\"><\/span>Strat\u00e9gie et D\u00e9veloppement<span class=\"ez-toc-section-end\"><\/span><\/h3>\t\t<\/div>\n\t\t\t\t<\/div>\n\t\t\t\t<div class=\"elementor-element elementor-element-3426e00 elementor-widget elementor-widget-text-editor\" data-id=\"3426e00\" data-element_type=\"widget\" data-widget_type=\"text-editor.default\">\n\t\t\t\t<div class=\"elementor-widget-container\">\n\t\t\t\t\t\t\t<ul><li><strong>Social Media Manager<\/strong>: Charg\u00e9 de d\u00e9velopper la strat\u00e9gie num\u00e9rique, d&#8217;\u00e9tudier les tendances et de d\u00e9finir la ligne \u00e9ditoriale de la marque.<\/li><li><strong>Community Manager<\/strong>: Se concentre sur l&#8217;engagement direct avec l&#8217;audience, mettant en \u0153uvre la strat\u00e9gie de marketing sur les r\u00e9seaux sociaux dans un r\u00f4le op\u00e9rationnel.<\/li><\/ul>\t\t\t\t\t\t<\/div>\n\t\t\t\t<\/div>\n\t\t\t\t<div class=\"elementor-element elementor-element-8a5278f elementor-widget elementor-widget-heading\" data-id=\"8a5278f\" data-element_type=\"widget\" data-widget_type=\"heading.default\">\n\t\t\t\t<div class=\"elementor-widget-container\">\n\t\t\t<h3 class=\"elementor-heading-title elementor-size-default\"><span class=\"ez-toc-section\" id=\"Creation_de_Contenu_et_Interaction\"><\/span>Cr\u00e9ation de Contenu et Interaction<span class=\"ez-toc-section-end\"><\/span><\/h3>\t\t<\/div>\n\t\t\t\t<\/div>\n\t\t\t\t<div class=\"elementor-element elementor-element-32e9716 elementor-widget elementor-widget-text-editor\" data-id=\"32e9716\" data-element_type=\"widget\" data-widget_type=\"text-editor.default\">\n\t\t\t\t<div class=\"elementor-widget-container\">\n\t\t\t\t\t\t\t<ul><li><strong>Social Media Manager<\/strong>: D\u00e9finit et cr\u00e9e le contenu \u00e0 publier sur les plateformes de r\u00e9seaux sociaux, influen\u00e7ant la perception de la marque \u00e0 grande \u00e9chelle.<\/li><li><strong>Community Manager<\/strong>: Propose des sujets et des articles, et s&#8217;engage plus directement avec les utilisateurs pour renforcer les relations et la fid\u00e9lit\u00e9.<\/li><\/ul>\t\t\t\t\t\t<\/div>\n\t\t\t\t<\/div>\n\t\t\t\t<div class=\"elementor-element elementor-element-6453d32 elementor-widget elementor-widget-heading\" data-id=\"6453d32\" data-element_type=\"widget\" data-widget_type=\"heading.default\">\n\t\t\t\t<div class=\"elementor-widget-container\">\n\t\t\t<h3 class=\"elementor-heading-title elementor-size-default\"><span class=\"ez-toc-section\" id=\"Acquisition_et_Retention_de_Clients\"><\/span>Acquisition et R\u00e9tention de Clients<span class=\"ez-toc-section-end\"><\/span><\/h3>\t\t<\/div>\n\t\t\t\t<\/div>\n\t\t\t\t<div class=\"elementor-element elementor-element-35e860f elementor-widget elementor-widget-text-editor\" data-id=\"35e860f\" data-element_type=\"widget\" data-widget_type=\"text-editor.default\">\n\t\t\t\t<div class=\"elementor-widget-container\">\n\t\t\t\t\t\t\t<ul><li><strong>Social Media Manager<\/strong>: Vise principalement l&#8217;acquisition de nouveaux clients \u00e0 travers des strat\u00e9gies marketing innovantes.<\/li><li><strong>Community Manager<\/strong>: Concentre ses efforts sur la r\u00e9tention et l&#8217;engagement des clients existants, mesurant l&#8217;engagement de la communaut\u00e9 et sa croissance.<\/li><\/ul>\t\t\t\t\t\t<\/div>\n\t\t\t\t<\/div>\n\t\t\t\t<div class=\"elementor-element elementor-element-8ca36f9 elementor-widget elementor-widget-text-editor\" data-id=\"8ca36f9\" data-element_type=\"widget\" data-widget_type=\"text-editor.default\">\n\t\t\t\t<div class=\"elementor-widget-container\">\n\t\t\t\t\t\t\t<p>Ces \u00e9l\u00e9ments soulignent les r\u00f4les distincts mais compl\u00e9mentaires du Social Media Manager et du Community Manager, chacun jouant un r\u00f4le crucial dans la dynamique de communication et de marketing d&#8217;une entreprise sur les r\u00e9seaux sociaux.<\/p>\t\t\t\t\t\t<\/div>\n\t\t\t\t<\/div>\n\t\t\t\t\t<\/div>\n\t\t<\/div>\n\t\t\t\t\t<\/div>\n\t\t<\/section>\n\t\t\t\t<section class=\"elementor-section elementor-top-section elementor-element elementor-element-2ad67f9 elementor-section-boxed elementor-section-height-default elementor-section-height-default\" data-id=\"2ad67f9\" data-element_type=\"section\">\n\t\t\t\t\t\t<div class=\"elementor-container elementor-column-gap-default\">\n\t\t\t\t\t<div class=\"elementor-column elementor-col-100 elementor-top-column elementor-element elementor-element-85a42d8\" data-id=\"85a42d8\" data-element_type=\"column\">\n\t\t\t<div class=\"elementor-widget-wrap elementor-element-populated\">\n\t\t\t\t\t\t<div class=\"elementor-element elementor-element-fdee10a elementor-widget elementor-widget-heading\" data-id=\"fdee10a\" data-element_type=\"widget\" data-widget_type=\"heading.default\">\n\t\t\t\t<div class=\"elementor-widget-container\">\n\t\t\t<h2 class=\"elementor-heading-title elementor-size-default\"><span class=\"ez-toc-section\" id=\"Comment_choisir_entre_un_Community_Manager_et_un_Social_Media_Manager\"><\/span>Comment choisir entre un Community Manager et un Social Media Manager ?<span class=\"ez-toc-section-end\"><\/span><\/h2>\t\t<\/div>\n\t\t\t\t<\/div>\n\t\t\t\t<div class=\"elementor-element elementor-element-05b9bf9 elementor-widget elementor-widget-text-editor\" data-id=\"05b9bf9\" data-element_type=\"widget\" data-widget_type=\"text-editor.default\">\n\t\t\t\t<div class=\"elementor-widget-container\">\n\t\t\t\t\t\t\t<div class=\"ql-block\" data-block-id=\"block-09c2bf4d-515c-4dc8-bc11-6088f3def600\">Le choix entre un Community Manager et un Social Media Manager d\u00e9pend largement des pr\u00e9f\u00e9rences personnelles et des objectifs de carri\u00e8re. Pour ceux qui pr\u00e9f\u00e8rent un r\u00f4le plus op\u00e9rationnel et en contact direct avec les clients, le Community Management est le choix id\u00e9al. Ce r\u00f4le implique une interaction constante avec la communaut\u00e9, r\u00e9pondant aux besoins et aux questions des utilisateurs tout en b\u00e2tissant des relations durables. En revanche, si vous \u00eates attir\u00e9 par la strat\u00e9gie, l&#8217;analyse de donn\u00e9es et la planification \u00e0 long terme, le Social Media Management pourrait \u00eatre plus appropri\u00e9. Ce r\u00f4le se concentre sur le d\u00e9veloppement de strat\u00e9gies de contenu et de campagnes publicitaires qui visent \u00e0 augmenter la visibilit\u00e9 et l&#8217;engagement \u00e0 travers diverses plateformes.<\/div><div class=\"ql-block\" data-block-id=\"block-fd0d7822-bfbd-43d7-9caf-2f982d5e756e\">En termes de r\u00e9sultats commerciaux, les deux r\u00f4les offrent des avantages distincts mais compl\u00e9mentaires. Le Social Media Management est souvent recommand\u00e9 pour des conversions rapides et des opportunit\u00e9s \u00e0 court terme, gr\u00e2ce \u00e0 des campagnes cibl\u00e9es et des strat\u00e9gies de contenu dynamiques. D&#8217;un autre c\u00f4t\u00e9, le Community Management est sugg\u00e9r\u00e9 pour le succ\u00e8s \u00e0 long terme, la croissance de la marque, ainsi que l&#8217;acquisition et la r\u00e9tention de fans gr\u00e2ce \u00e0 une approche plus personnalis\u00e9e et engag\u00e9e. Cette distinction souligne l&#8217;importance de choisir le r\u00f4le qui non seulement aligne avec vos comp\u00e9tences et pr\u00e9f\u00e9rences mais aussi avec les objectifs strat\u00e9giques de l&#8217;entreprise.<\/div>\t\t\t\t\t\t<\/div>\n\t\t\t\t<\/div>\n\t\t\t\t<div class=\"elementor-element elementor-element-86f3eed elementor-widget elementor-widget-html\" data-id=\"86f3eed\" data-element_type=\"widget\" data-widget_type=\"html.default\">\n\t\t\t\t<div class=\"elementor-widget-container\">\n\t\t\t<iframe src=\"https:\/\/giphy.com\/embed\/3kEbIIe4Mj0bX5BAGN\" width=\"480\" height=\"271\" style=\"\" frameBorder=\"0\" class=\"giphy-embed\" allowFullScreen><\/iframe><p><a href=\"https:\/\/giphy.com\/gifs\/wink-typing-bonusly-3kEbIIe4Mj0bX5BAGN\">via GIPHY<\/a><\/p>\t\t<\/div>\n\t\t\t\t<\/div>\n\t\t\t\t\t<\/div>\n\t\t<\/div>\n\t\t\t\t\t<\/div>\n\t\t<\/section>\n\t\t\t\t<section class=\"elementor-section elementor-top-section elementor-element elementor-element-b4df779 elementor-section-boxed elementor-section-height-default elementor-section-height-default\" data-id=\"b4df779\" data-element_type=\"section\">\n\t\t\t\t\t\t<div class=\"elementor-container elementor-column-gap-default\">\n\t\t\t\t\t<div class=\"elementor-column elementor-col-100 elementor-top-column elementor-element elementor-element-3d1d79e\" data-id=\"3d1d79e\" data-element_type=\"column\">\n\t\t\t<div class=\"elementor-widget-wrap elementor-element-populated\">\n\t\t\t\t\t\t<div class=\"elementor-element elementor-element-c6fe1c9 elementor-widget elementor-widget-heading\" data-id=\"c6fe1c9\" data-element_type=\"widget\" data-widget_type=\"heading.default\">\n\t\t\t\t<div class=\"elementor-widget-container\">\n\t\t\t<h2 class=\"elementor-heading-title elementor-size-default\"><span class=\"ez-toc-section\" id=\"Conclusion\"><\/span>Conclusion<span class=\"ez-toc-section-end\"><\/span><\/h2>\t\t<\/div>\n\t\t\t\t<\/div>\n\t\t\t\t<div class=\"elementor-element elementor-element-110e5bd elementor-widget elementor-widget-text-editor\" data-id=\"110e5bd\" data-element_type=\"widget\" data-widget_type=\"text-editor.default\">\n\t\t\t\t<div class=\"elementor-widget-container\">\n\t\t\t\t\t\t\t<p>La distinction entre le Community Manager et le Social Media Manager r\u00e9side dans leurs responsabilit\u00e9s et approches sp\u00e9cifiques, chacun jouant un r\u00f4le essentiel dans le paysage des r\u00e9seaux sociaux pour une entreprise. Tandis que le Community Manager est au c\u0153ur de l&#8217;engagement et de la fid\u00e9lisation, en agissant directement avec la communaut\u00e9, le Social Media Manager fa\u00e7onne la strat\u00e9gie num\u00e9rique et s&#8217;applique \u00e0 accro\u00eetre la visibilit\u00e9 et l&#8217;attrait de la marque \u00e0 travers des contenus innovants et des campagnes cibl\u00e9es. Les deux contribuent de mani\u00e8re compl\u00e9mentaire \u00e0 la dynamique de communication en ligne, soulignant l&#8217;importance de la collaboration pour maximiser l&#8217;impact des initiatives sur les m\u00e9dias sociaux.<br \/>Choisir entre ces deux r\u00f4les d\u00e9pend des objectifs sp\u00e9cifiques de la marque et du type d&#8217;interaction souhait\u00e9 avec le public. Que ce soit pour renforcer les relations au sein d&#8217;une communaut\u00e9 existante ou pour \u00e9tendre la port\u00e9e de la marque \u00e0 de nouveaux publics, comprendre les fonctions et les avantages de chaque poste est crucial. Les entreprises doivent ainsi \u00e9valuer leurs strat\u00e9gies \u00e0 long terme et les comp\u00e9tences requises pour leurs \u00e9quipes afin de d\u00e9cider quel r\u00f4le s&#8217;aligne le mieux avec leurs visions et leurs besoins. Cette analyse contribue non seulement \u00e0 une pr\u00e9sence en ligne plus efficace mais assure \u00e9galement une relation durable et engageante avec leur audience.<\/p>\t\t\t\t\t\t<\/div>\n\t\t\t\t<\/div>\n\t\t\t\t\t<\/div>\n\t\t<\/div>\n\t\t\t\t\t<\/div>\n\t\t<\/section>\n\t\t\t\t<section class=\"elementor-section elementor-top-section elementor-element elementor-element-7846df5 elementor-section-boxed elementor-section-height-default elementor-section-height-default\" data-id=\"7846df5\" data-element_type=\"section\">\n\t\t\t\t\t\t<div class=\"elementor-container elementor-column-gap-default\">\n\t\t\t\t\t<div class=\"elementor-column elementor-col-100 elementor-top-column elementor-element elementor-element-0b1ea6b\" data-id=\"0b1ea6b\" data-element_type=\"column\">\n\t\t\t<div class=\"elementor-widget-wrap elementor-element-populated\">\n\t\t\t\t\t\t<div class=\"elementor-element elementor-element-0640b44 elementor-widget elementor-widget-accordion\" data-id=\"0640b44\" data-element_type=\"widget\" data-widget_type=\"accordion.default\">\n\t\t\t\t<div class=\"elementor-widget-container\">\n\t\t\t<style>\/*! elementor - v3.23.0 - 05-08-2024 *\/\n.elementor-accordion{text-align:start}.elementor-accordion .elementor-accordion-item{border:1px solid #d5d8dc}.elementor-accordion .elementor-accordion-item+.elementor-accordion-item{border-top:none}.elementor-accordion .elementor-tab-title{margin:0;padding:15px 20px;font-weight:700;line-height:1;cursor:pointer;outline:none}.elementor-accordion .elementor-tab-title .elementor-accordion-icon{display:inline-block;width:1.5em}.elementor-accordion .elementor-tab-title .elementor-accordion-icon svg{width:1em;height:1em}.elementor-accordion .elementor-tab-title .elementor-accordion-icon.elementor-accordion-icon-right{float:right;text-align:right}.elementor-accordion .elementor-tab-title .elementor-accordion-icon.elementor-accordion-icon-left{float:left;text-align:left}.elementor-accordion .elementor-tab-title .elementor-accordion-icon .elementor-accordion-icon-closed{display:block}.elementor-accordion .elementor-tab-title .elementor-accordion-icon .elementor-accordion-icon-opened,.elementor-accordion .elementor-tab-title.elementor-active .elementor-accordion-icon-closed{display:none}.elementor-accordion .elementor-tab-title.elementor-active .elementor-accordion-icon-opened{display:block}.elementor-accordion .elementor-tab-content{display:none;padding:15px 20px;border-top:1px solid #d5d8dc}@media (max-width:767px){.elementor-accordion .elementor-tab-title{padding:12px 15px}.elementor-accordion .elementor-tab-title .elementor-accordion-icon{width:1.2em}.elementor-accordion .elementor-tab-content{padding:7px 15px}}.e-con-inner>.elementor-widget-accordion,.e-con>.elementor-widget-accordion{width:var(--container-widget-width);--flex-grow:var(--container-widget-flex-grow)}<\/style>\t\t<div class=\"elementor-accordion\">\n\t\t\t\t\t\t\t<div class=\"elementor-accordion-item\">\n\t\t\t\t\t<div id=\"elementor-tab-title-6551\" class=\"elementor-tab-title\" data-tab=\"1\" role=\"button\" aria-controls=\"elementor-tab-content-6551\" aria-expanded=\"false\">\n\t\t\t\t\t\t\t\t\t\t\t\t\t<span class=\"elementor-accordion-icon elementor-accordion-icon-left\" aria-hidden=\"true\">\n\t\t\t\t\t\t\t\t\t\t\t\t\t\t\t<span class=\"elementor-accordion-icon-closed\"><i class=\"fas fa-plus\"><\/i><\/span>\n\t\t\t\t\t\t\t\t<span class=\"elementor-accordion-icon-opened\"><i class=\"fas fa-minus\"><\/i><\/span>\n\t\t\t\t\t\t\t\t\t\t\t\t\t\t<\/span>\n\t\t\t\t\t\t\t\t\t\t\t\t<a class=\"elementor-accordion-title\" tabindex=\"0\">Quelles sont les responsabilit\u00e9s principales d'un Social Media Manager ?<\/a>\n\t\t\t\t\t<\/div>\n\t\t\t\t\t<div id=\"elementor-tab-content-6551\" class=\"elementor-tab-content elementor-clearfix\" data-tab=\"1\" role=\"region\" aria-labelledby=\"elementor-tab-title-6551\"><p>Le Social Media Manager est responsable de la gestion int\u00e9grale des campagnes sur les r\u00e9seaux sociaux. Il s\u00e9lectionne les plateformes et les supports de communication les plus adapt\u00e9s, et d\u00e9termine les moments optimaux pour publier les contenus, en accord avec la strat\u00e9gie globale d\u00e9finie.<\/p><\/div>\n\t\t\t\t<\/div>\n\t\t\t\t\t\t\t<div class=\"elementor-accordion-item\">\n\t\t\t\t\t<div id=\"elementor-tab-title-6552\" class=\"elementor-tab-title\" data-tab=\"2\" role=\"button\" aria-controls=\"elementor-tab-content-6552\" aria-expanded=\"false\">\n\t\t\t\t\t\t\t\t\t\t\t\t\t<span class=\"elementor-accordion-icon elementor-accordion-icon-left\" aria-hidden=\"true\">\n\t\t\t\t\t\t\t\t\t\t\t\t\t\t\t<span class=\"elementor-accordion-icon-closed\"><i class=\"fas fa-plus\"><\/i><\/span>\n\t\t\t\t\t\t\t\t<span class=\"elementor-accordion-icon-opened\"><i class=\"fas fa-minus\"><\/i><\/span>\n\t\t\t\t\t\t\t\t\t\t\t\t\t\t<\/span>\n\t\t\t\t\t\t\t\t\t\t\t\t<a class=\"elementor-accordion-title\" tabindex=\"0\">En quoi consiste le travail d'un Community Manager ?<\/a>\n\t\t\t\t\t<\/div>\n\t\t\t\t\t<div id=\"elementor-tab-content-6552\" class=\"elementor-tab-content elementor-clearfix\" data-tab=\"2\" role=\"region\" aria-labelledby=\"elementor-tab-title-6552\"><p>Le Community Manager a pour mission de diffuser les informations essentielles d&#8217;une marque aupr\u00e8s de sa communaut\u00e9 de fans sur divers r\u00e9seaux sociaux. Il cr\u00e9e \u00e9galement du contenu engageant pour inciter l&#8217;interaction et l&#8217;engagement des followers.<\/p><\/div>\n\t\t\t\t<\/div>\n\t\t\t\t\t\t\t<div class=\"elementor-accordion-item\">\n\t\t\t\t\t<div id=\"elementor-tab-title-6553\" class=\"elementor-tab-title\" data-tab=\"3\" role=\"button\" aria-controls=\"elementor-tab-content-6553\" aria-expanded=\"false\">\n\t\t\t\t\t\t\t\t\t\t\t\t\t<span class=\"elementor-accordion-icon elementor-accordion-icon-left\" aria-hidden=\"true\">\n\t\t\t\t\t\t\t\t\t\t\t\t\t\t\t<span class=\"elementor-accordion-icon-closed\"><i class=\"fas fa-plus\"><\/i><\/span>\n\t\t\t\t\t\t\t\t<span class=\"elementor-accordion-icon-opened\"><i class=\"fas fa-minus\"><\/i><\/span>\n\t\t\t\t\t\t\t\t\t\t\t\t\t\t<\/span>\n\t\t\t\t\t\t\t\t\t\t\t\t<a class=\"elementor-accordion-title\" tabindex=\"0\">Comment nomme-t-on une personne en charge de la gestion des r\u00e9seaux sociaux ?<\/a>\n\t\t\t\t\t<\/div>\n\t\t\t\t\t<div id=\"elementor-tab-content-6553\" class=\"elementor-tab-content elementor-clearfix\" data-tab=\"3\" role=\"region\" aria-labelledby=\"elementor-tab-title-6553\"><p>Une personne qui g\u00e8re la pr\u00e9sence d&#8217;une entreprise sur les r\u00e9seaux sociaux est g\u00e9n\u00e9ralement appel\u00e9e Social Media Manager (SMM), et elle est responsable de l&#8217;\u00e9laboration de la strat\u00e9gie digitale de l&#8217;entreprise sur ces plateformes.<\/p><\/div>\n\t\t\t\t<\/div>\n\t\t\t\t\t\t\t<div class=\"elementor-accordion-item\">\n\t\t\t\t\t<div id=\"elementor-tab-title-6554\" class=\"elementor-tab-title\" data-tab=\"4\" role=\"button\" aria-controls=\"elementor-tab-content-6554\" aria-expanded=\"false\">\n\t\t\t\t\t\t\t\t\t\t\t\t\t<span class=\"elementor-accordion-icon elementor-accordion-icon-left\" aria-hidden=\"true\">\n\t\t\t\t\t\t\t\t\t\t\t\t\t\t\t<span class=\"elementor-accordion-icon-closed\"><i class=\"fas fa-plus\"><\/i><\/span>\n\t\t\t\t\t\t\t\t<span class=\"elementor-accordion-icon-opened\"><i class=\"fas fa-minus\"><\/i><\/span>\n\t\t\t\t\t\t\t\t\t\t\t\t\t\t<\/span>\n\t\t\t\t\t\t\t\t\t\t\t\t<a class=\"elementor-accordion-title\" tabindex=\"0\">Quel est le but principal d'un Community Manager ?<\/a>\n\t\t\t\t\t<\/div>\n\t\t\t\t\t<div id=\"elementor-tab-content-6554\" class=\"elementor-tab-content elementor-clearfix\" data-tab=\"4\" role=\"region\" aria-labelledby=\"elementor-tab-title-6554\"><p>Le but principal d&#8217;un Community Manager est d&#8217;accro\u00eetre la visibilit\u00e9 d&#8217;une entreprise sur internet et sur les r\u00e9seaux sociaux. Ce professionnel d\u00e9ploie ses comp\u00e9tences pour mettre en \u0153uvre une strat\u00e9gie de communication bien d\u00e9finie et cibl\u00e9e.<\/p><\/div>\n\t\t\t\t<\/div>\n\t\t\t\t\t\t\t\t<\/div>\n\t\t\t\t<\/div>\n\t\t\t\t<\/div>\n\t\t\t\t\t<\/div>\n\t\t<\/div>\n\t\t\t\t\t<\/div>\n\t\t<\/section>\n\t\t\t\t<\/div>\n\t\t","protected":false},"excerpt":{"rendered":"<p>Dans le monde des r\u00e9seaux sociaux, comprendre la diff\u00e9rence entre [&hellip;]<\/p>\n","protected":false},"author":1,"featured_media":2750,"comment_status":"closed","ping_status":"closed","sticky":false,"template":"","format":"standard","meta":{"footnotes":""},"categories":[33],"tags":[],"class_list":["post-2742","post","type-post","status-publish","format-standard","has-post-thumbnail","hentry","category-social-media-marketing"],"aioseo_notices":[],"_links":{"self":[{"href":"https:\/\/www.dailyfy.co\/fr\/wp-json\/wp\/v2\/posts\/2742","targetHints":{"allow":["GET"]}}],"collection":[{"href":"https:\/\/www.dailyfy.co\/fr\/wp-json\/wp\/v2\/posts"}],"about":[{"href":"https:\/\/www.dailyfy.co\/fr\/wp-json\/wp\/v2\/types\/post"}],"author":[{"embeddable":true,"href":"https:\/\/www.dailyfy.co\/fr\/wp-json\/wp\/v2\/users\/1"}],"replies":[{"embeddable":true,"href":"https:\/\/www.dailyfy.co\/fr\/wp-json\/wp\/v2\/comments?post=2742"}],"version-history":[{"count":7,"href":"https:\/\/www.dailyfy.co\/fr\/wp-json\/wp\/v2\/posts\/2742\/revisions"}],"predecessor-version":[{"id":2749,"href":"https:\/\/www.dailyfy.co\/fr\/wp-json\/wp\/v2\/posts\/2742\/revisions\/2749"}],"wp:featuredmedia":[{"embeddable":true,"href":"https:\/\/www.dailyfy.co\/fr\/wp-json\/wp\/v2\/media\/2750"}],"wp:attachment":[{"href":"https:\/\/www.dailyfy.co\/fr\/wp-json\/wp\/v2\/media?parent=2742"}],"wp:term":[{"taxonomy":"category","embeddable":true,"href":"https:\/\/www.dailyfy.co\/fr\/wp-json\/wp\/v2\/categories?post=2742"},{"taxonomy":"post_tag","embeddable":true,"href":"https:\/\/www.dailyfy.co\/fr\/wp-json\/wp\/v2\/tags?post=2742"}],"curies":[{"name":"wp","href":"https:\/\/api.w.org\/{rel}","templated":true}]}}