{"id":2521,"date":"2023-12-07T08:57:00","date_gmt":"2023-12-07T08:57:00","guid":{"rendered":"https:\/\/www.dailyfy.co\/?p=2521"},"modified":"2023-11-30T11:25:49","modified_gmt":"2023-11-30T11:25:49","slug":"calendrier-social-media-jan-fev-mars-2024","status":"publish","type":"post","link":"https:\/\/www.dailyfy.co\/fr\/blog\/calendrier-social-media-jan-fev-mars-2024\/","title":{"rendered":"Calendrier Social Media &#8211; Jan. Fev. Mars 2024"},"content":{"rendered":"\n<p>2024 est sur le point de montrer le bout de son nez. C&#8217;est le moment de se pencher sur le calendrier des mois \u00e0 venir. Restez \u00e0 l&#8217;aff\u00fbt des dates cl\u00e9s qui vous permettront de trouver des id\u00e9es aussi brillantes que votre soir\u00e9e du r\u00e9veillon du 1er janvier. Que vous soyez un cr\u00e9ateur de contenu, une entreprise ou simplement un utilisateur passionn\u00e9 des r\u00e9seaux sociaux, cet article vous guidera \u00e0 travers les moments incontournables du premier trimestre 2024, mettant en lumi\u00e8re les opportunit\u00e9s et les dates \u00e0 ne pas manquer pour maximiser votre impact et votre succ\u00e8s sur les r\u00e9seaux sociaux !<\/p>\n\n\n\n<figure class=\"wp-block-image size-large\"><img fetchpriority=\"high\" decoding=\"async\" width=\"1024\" height=\"646\" src=\"https:\/\/www.dailyfy.co\/wp-content\/uploads\/2023\/11\/JANVIER-1024x646.jpg\" alt=\"\" class=\"wp-image-2524\" srcset=\"https:\/\/www.dailyfy.co\/wp-content\/uploads\/2023\/11\/JANVIER-1024x646.jpg 1024w, https:\/\/www.dailyfy.co\/wp-content\/uploads\/2023\/11\/JANVIER-300x189.jpg 300w, https:\/\/www.dailyfy.co\/wp-content\/uploads\/2023\/11\/JANVIER-768x484.jpg 768w, https:\/\/www.dailyfy.co\/wp-content\/uploads\/2023\/11\/JANVIER-650x410.jpg 650w, https:\/\/www.dailyfy.co\/wp-content\/uploads\/2023\/11\/JANVIER.jpg 1200w\" sizes=\"(max-width: 1024px) 100vw, 1024px\" \/><\/figure>\n\n\n\n<div id=\"ez-toc-container\" class=\"ez-toc-v2_0_69_1 ez-toc-wrap-center counter-hierarchy ez-toc-counter ez-toc-black ez-toc-container-direction\">\n<div class=\"ez-toc-title-container\">\n<p class=\"ez-toc-title \" >Table des mati&egrave;res<\/p>\n<span class=\"ez-toc-title-toggle\"><a href=\"#\" class=\"ez-toc-pull-right ez-toc-btn ez-toc-btn-xs ez-toc-btn-default ez-toc-toggle\" aria-label=\"Toggle Table of Content\"><span class=\"ez-toc-js-icon-con\"><span class=\"\"><span class=\"eztoc-hide\" style=\"display:none;\">Toggle<\/span><span class=\"ez-toc-icon-toggle-span\"><svg style=\"fill: #999;color:#999\" xmlns=\"http:\/\/www.w3.org\/2000\/svg\" class=\"list-377408\" width=\"20px\" height=\"20px\" viewBox=\"0 0 24 24\" fill=\"none\"><path d=\"M6 6H4v2h2V6zm14 0H8v2h12V6zM4 11h2v2H4v-2zm16 0H8v2h12v-2zM4 16h2v2H4v-2zm16 0H8v2h12v-2z\" fill=\"currentColor\"><\/path><\/svg><svg style=\"fill: #999;color:#999\" class=\"arrow-unsorted-368013\" xmlns=\"http:\/\/www.w3.org\/2000\/svg\" width=\"10px\" height=\"10px\" viewBox=\"0 0 24 24\" version=\"1.2\" baseProfile=\"tiny\"><path d=\"M18.2 9.3l-6.2-6.3-6.2 6.3c-.2.2-.3.4-.3.7s.1.5.3.7c.2.2.4.3.7.3h11c.3 0 .5-.1.7-.3.2-.2.3-.5.3-.7s-.1-.5-.3-.7zM5.8 14.7l6.2 6.3 6.2-6.3c.2-.2.3-.5.3-.7s-.1-.5-.3-.7c-.2-.2-.4-.3-.7-.3h-11c-.3 0-.5.1-.7.3-.2.2-.3.5-.3.7s.1.5.3.7z\"\/><\/svg><\/span><\/span><\/span><\/a><\/span><\/div>\n<nav><ul class='ez-toc-list ez-toc-list-level-1 ' ><li class='ez-toc-page-1 ez-toc-heading-level-2'><a class=\"ez-toc-link ez-toc-heading-1\" href=\"https:\/\/www.dailyfy.co\/fr\/blog\/calendrier-social-media-jan-fev-mars-2024\/#Les_dates_clefs_de_Janvier_2024\" title=\"Les dates clefs de Janvier 2024\">Les dates clefs de Janvier 2024<\/a><\/li><li class='ez-toc-page-1 ez-toc-heading-level-2'><a class=\"ez-toc-link ez-toc-heading-2\" href=\"https:\/\/www.dailyfy.co\/fr\/blog\/calendrier-social-media-jan-fev-mars-2024\/#Les_dates_clefs_de_Fevrier_2024\" title=\"Les dates clefs de F\u00e9vrier 2024\">Les dates clefs de F\u00e9vrier 2024<\/a><\/li><li class='ez-toc-page-1 ez-toc-heading-level-2'><a class=\"ez-toc-link ez-toc-heading-3\" href=\"https:\/\/www.dailyfy.co\/fr\/blog\/calendrier-social-media-jan-fev-mars-2024\/#Les_dates_clefs_de_Mars_2024\" title=\"Les dates clefs de Mars 2024\">Les dates clefs de Mars 2024<\/a><\/li><\/ul><\/nav><\/div>\n<h2 class=\"wp-block-heading\"><span class=\"ez-toc-section\" id=\"Les_dates_clefs_de_Janvier_2024\"><\/span>Les dates clefs de Janvier 2024<span class=\"ez-toc-section-end\"><\/span><\/h2>\n\n\n\n<ul class=\"wp-block-list\">\n<li>01-31 janvier : Mois sans alcool &#8211; Dry January \ud83d\udeab<\/li>\n\n\n\n<li>01 janvier : Jour de l&#8217;an \ud83c\udf86<\/li>\n\n\n\n<li>02 janvier : Journ\u00e9e nationale de la science fiction \ud83d\udc7d<\/li>\n\n\n\n<li>04 janvier : Journ\u00e9e mondiale du braille \ud83e\uddd1\u200d\ud83e\uddaf<\/li>\n\n\n\n<li>05 janvier : D\u00e9part du Rallye Dakar \ud83d\ude98<\/li>\n\n\n\n<li>07 janvier : 81e c\u00e9r\u00e9monie des Golden Globes \ud83c\udfc6<\/li>\n\n\n\n<li>08 janvier : Rentr\u00e9e Scolaire \ud83c\udf93<\/li>\n\n\n\n<li>10 janvier : D\u00e9but des soldes d&#8217;Hiver \ud83d\udecd<\/li>\n\n\n\n<li>10 janvier : Journ\u00e9e de Tintin \ud83d\uddde<\/li>\n\n\n\n<li>11 janvier : Journ\u00e9e mondiale du &#8220;Merci&#8221; \ud83e\udd17<\/li>\n\n\n\n<li>13 janvier : Journ\u00e9e mondiale de l&#8217;hypersensibilit\u00e9 \u263a\ufe0f<\/li>\n\n\n\n<li>15 janvier : Blue Monday \ud83d\udc99<\/li>\n\n\n\n<li>17 janvier : Journ\u00e9e de la cuisine italienne \ud83c\udf5d<\/li>\n\n\n\n<li>18-21 janvier : Nuits de la lecture \ud83d\udcd6<\/li>\n\n\n\n<li>19 janvier : Journ\u00e9e Mondiale du Pop-corn \ud83c\udf7f<\/li>\n\n\n\n<li>21 janvier : Journ\u00e9e mondiale des c\u00e2lins \ud83e\udd17<\/li>\n\n\n\n<li>24 janvier : Journ\u00e9e internationale de l&#8217;\u00e9ducation \ud83e\uddd1\u200d\ud83c\udfeb<\/li>\n\n\n\n<li>24 janvier : Journ\u00e9e des Community Managers \ud83d\udcf1<\/li>\n\n\n\n<li>25 janvier : Festival Internationale de la Bande Dessin\u00e9e d&#8217;Angoul\u00eame \ud83d\udcac<\/li>\n\n\n\n<li>27 janvier : Journ\u00e9e Internationale en m\u00e9moire des victimes de l&#8217;holocauste \ud83d\udd4a<\/li>\n\n\n\n<li>28 janvier : Journ\u00e9e mondiale de la protection des donn\u00e9es \ud83d\udd10<\/li>\n\n\n\n<li>29 janvier : Journ\u00e9e du puzzle \ud83e\udde9<\/li>\n\n\n\n<li>30 janvier : Journ\u00e9e scolaire pour la non-violence et la paix \u270c\ufe0f<\/li>\n<\/ul>\n\n\n\n<figure class=\"wp-block-image size-large\"><img decoding=\"async\" width=\"1024\" height=\"646\" src=\"https:\/\/www.dailyfy.co\/wp-content\/uploads\/2023\/11\/FEVRIER-1024x646.jpg\" alt=\"\" class=\"wp-image-2525\" srcset=\"https:\/\/www.dailyfy.co\/wp-content\/uploads\/2023\/11\/FEVRIER-1024x646.jpg 1024w, https:\/\/www.dailyfy.co\/wp-content\/uploads\/2023\/11\/FEVRIER-300x189.jpg 300w, https:\/\/www.dailyfy.co\/wp-content\/uploads\/2023\/11\/FEVRIER-768x484.jpg 768w, https:\/\/www.dailyfy.co\/wp-content\/uploads\/2023\/11\/FEVRIER-650x410.jpg 650w, https:\/\/www.dailyfy.co\/wp-content\/uploads\/2023\/11\/FEVRIER.jpg 1200w\" sizes=\"(max-width: 1024px) 100vw, 1024px\" \/><\/figure>\n\n\n\n<h2 class=\"wp-block-heading\"><span class=\"ez-toc-section\" id=\"Les_dates_clefs_de_Fevrier_2024\"><\/span>Les dates clefs de F\u00e9vrier 2024<span class=\"ez-toc-section-end\"><\/span><\/h2>\n\n\n\n<ul class=\"wp-block-list\">\n<li>02 f\u00e9vrier : Chandeleur \ud83e\udd5e<\/li>\n\n\n\n<li>03-14 f\u00e9vrier : Carnaval de Venise \ud83c\udfad<\/li>\n\n\n\n<li>03 f\u00e9vrier : Journ\u00e9e internationale sans paille \ud83c\udf79<\/li>\n\n\n\n<li>04 f\u00e9vrier : Journ\u00e9e mondiale contre le cancer \ud83c\udf40<\/li>\n\n\n\n<li>04 f\u00e9vrier : 20e anniversaire de Facebook \ud83c\udf82<\/li>\n\n\n\n<li>05 f\u00e9vrier : 66e C\u00e9r\u00e9monie des Grammy Awards \ud83c\udfc6<\/li>\n\n\n\n<li>06 f\u00e9vrier : Journ\u00e9e pour un internet plus s\u00fbr \ud83c\udf10<\/li>\n\n\n\n<li>06 f\u00e9vrier : Journ\u00e9e mondiale sans t\u00e9l\u00e9phone mobile \ud83d\udcf1<\/li>\n\n\n\n<li>09-17 f\u00e9vrier : Carnaval de Rio \ud83e\udd9a<\/li>\n\n\n\n<li>09 f\u00e9vrier : Journ\u00e9e de la pizza \ud83c\udf55<\/li>\n\n\n\n<li>10 f\u00e9vrier : Nouvel an chinois \ud83c\udf86<\/li>\n\n\n\n<li>10 f\u00e9vrier : Journ\u00e9e du parapluie \u2602\ufe0f<\/li>\n\n\n\n<li>11 f\u00e9vrier : Journ\u00e9e mondiale du mariage \ud83d\udc8d<\/li>\n\n\n\n<li>11 f\u00e9vrier : Super Bowl LVIII \ud83c\udfc8<\/li>\n\n\n\n<li>13 f\u00e9vrier : Mardi-Gras \ud83d\udc83<\/li>\n\n\n\n<li>13 f\u00e9vrier : Journ\u00e9e mondiale de la radio \ud83d\udcfb<\/li>\n\n\n\n<li>14 f\u00e9vrier : Saint-Valentin \ud83d\udc8b<\/li>\n\n\n\n<li>15 f\u00e9vrier : Journ\u00e9e du cancer infantile \ud83d\udc66<\/li>\n\n\n\n<li>18 f\u00e9vrier : Journ\u00e9e mondiale de la baleine \ud83d\udc33<\/li>\n\n\n\n<li>20 f\u00e9vrier : Journ\u00e9e mondiale de la justice sociale \u2696\ufe0f<\/li>\n\n\n\n<li>21 f\u00e9vrier : Journ\u00e9e internationale de la langue maternelle \ud83d\udde3<\/li>\n\n\n\n<li>23 f\u00e9vrier : 49e C\u00e9r\u00e9monie des C\u00e9sars \ud83c\udfc6<\/li>\n\n\n\n<li>24 f\u00e9vrier : Ouverture du Salon de l&#8217;Agriculture \ud83d\udc2e<\/li>\n\n\n\n<li>24 f\u00e9vrier : Journ\u00e9e internationale &#8220;Je d\u00e9teste la coriandre&#8221; \ud83e\udd22<\/li>\n\n\n\n<li>24 f\u00e9vrier : Journ\u00e9e internationale des barmaids et barmen \ud83c\udf79<\/li>\n\n\n\n<li>26 f\u00e9vrier : Journ\u00e9e des contes de f\u00e9es \ud83e\uddda<\/li>\n\n\n\n<li>26 f\u00e9vrier : Journ\u00e9e internationale de la pistache \ud83d\ude0b<\/li>\n\n\n\n<li>27 f\u00e9vrier : Journ\u00e9e internationale de l&#8217;ours polaire \ud83d\udc3b\u200d\u2744\ufe0f<\/li>\n\n\n\n<li>27 f\u00e9vrier : Journ\u00e9e mondiale des ONG \u26d1<\/li>\n\n\n\n<li>27 f\u00e9vrier : Pokemon Day \ud83c\udfae<\/li>\n\n\n\n<li>28 f\u00e9vrier : Journ\u00e9e mondiale des maladies rares \ud83e\udda0<\/li>\n\n\n\n<li>28 f\u00e9vrier : Journ\u00e9e mondiale sans Facebook \ud83d\udcf5<\/li>\n\n\n\n<li>29 f\u00e9vrier : et oui, car on est en ann\u00e9e bissextile \u270c\ufe0f<\/li>\n<\/ul>\n\n\n\n<figure class=\"wp-block-image size-large\"><img decoding=\"async\" width=\"1024\" height=\"646\" src=\"https:\/\/www.dailyfy.co\/wp-content\/uploads\/2023\/11\/MARS-1024x646.jpg\" alt=\"\" class=\"wp-image-2526\" srcset=\"https:\/\/www.dailyfy.co\/wp-content\/uploads\/2023\/11\/MARS-1024x646.jpg 1024w, https:\/\/www.dailyfy.co\/wp-content\/uploads\/2023\/11\/MARS-300x189.jpg 300w, https:\/\/www.dailyfy.co\/wp-content\/uploads\/2023\/11\/MARS-768x484.jpg 768w, https:\/\/www.dailyfy.co\/wp-content\/uploads\/2023\/11\/MARS-650x410.jpg 650w, https:\/\/www.dailyfy.co\/wp-content\/uploads\/2023\/11\/MARS.jpg 1200w\" sizes=\"(max-width: 1024px) 100vw, 1024px\" \/><\/figure>\n\n\n\n<h2 class=\"wp-block-heading\"><span class=\"ez-toc-section\" id=\"Les_dates_clefs_de_Mars_2024\"><\/span>Les dates clefs de Mars 2024<span class=\"ez-toc-section-end\"><\/span><\/h2>\n\n\n\n<ul class=\"wp-block-list\">\n<li>01 mars : Journ\u00e9e du compliment \ud83d\ude0a<\/li>\n\n\n\n<li>01 mars : Journ\u00e9e z\u00e9ro discrimination \ud83e\udd1d<\/li>\n\n\n\n<li>03 mars : F\u00eate des grands-m\u00e8res \ud83d\udc75<\/li>\n\n\n\n<li>03 mars : Journ\u00e9e mondiale de la vie sauvage \ud83d\udc05<\/li>\n\n\n\n<li>04 mars : Journ\u00e9e mondiale du tennis \ud83c\udfbe<\/li>\n\n\n\n<li>08 mars : Journ\u00e9e internationale des droits des femmes. \ud83d\ude4b\u200d\u2640\ufe0f<\/li>\n\n\n\n<li>10 mars : D\u00e9but du ramadan \u262a\ufe0f<\/li>\n\n\n\n<li>10 mars : 96e C\u00e9r\u00e9monie des Oscars \ud83c\udfc6<\/li>\n\n\n\n<li>11 mars : Journ\u00e9e internationale des startups \ud83d\udcca<\/li>\n\n\n\n<li>15 mars : Journ\u00e9e mondiale du sommeil \ud83d\udca4<\/li>\n\n\n\n<li>16 mars : Digital Cleanup Day \ud83e\uddf9<\/li>\n\n\n\n<li>17 mars : Saint-Patrick \ud83c\udf40<\/li>\n\n\n\n<li>18 mars : Journ\u00e9e mondiale du recyclage \u267b\ufe0f<\/li>\n\n\n\n<li>20 mars : Journ\u00e9e internationale du bonheur \ud83d\ude01<\/li>\n\n\n\n<li>20 mars : Journ\u00e9e de la langue fran\u00e7aise \ud83c\uddeb\ud83c\uddf7<\/li>\n\n\n\n<li>21 mars : Printemps dans l&#8217;h\u00e9misph\u00e8re Nord \ud83c\udf3f &#8211; Automne dans l&#8217;h\u00e9misph\u00e8re Sud \ud83c\udf42<\/li>\n\n\n\n<li>21 mars : Journ\u00e9e mondiale de la po\u00e9sie \ud83d\udcdd<\/li>\n\n\n\n<li>21 mars : Journ\u00e9e du syndrome de Down \ud83d\ude09<\/li>\n\n\n\n<li>21 mars : 18e anniversaire de Twitter \ud83c\udf82<\/li>\n\n\n\n<li>22 mars : Journ\u00e9e mondiale de l&#8217;eau \ud83d\udca7<\/li>\n\n\n\n<li>23 mars : Journ\u00e9e mondiale de la m\u00e9t\u00e9orologie \ud83c\udf26<\/li>\n\n\n\n<li>23 mars : Earth Hour \ud83c\udf0d<\/li>\n\n\n\n<li>24 mars : Journ\u00e9e europ\u00e9enne de la glace artisanale \ud83c\udf66<\/li>\n\n\n\n<li>25 mars : Journ\u00e9e de la procrastination \ud83d\ude44<\/li>\n\n\n\n<li>25 mars : Journ\u00e9e internationale de la gaufre \ud83e\uddc7<\/li>\n\n\n\n<li>25 mars : Eclipse lunaire \ud83c\udf15<\/li>\n\n\n\n<li>27 mars : Journ\u00e9e du fromage \ud83e\uddc0<\/li>\n\n\n\n<li>27 mars : Journ\u00e9e mondiale du th\u00e9\u00e2tre \ud83c\udfad<\/li>\n\n\n\n<li>28 mars : Journ\u00e9e mondiale du piano \ud83c\udfb9<\/li>\n\n\n\n<li>31 mars : Passage \u00e0 l&#8217;heure d&#8217;\u00e9t\u00e9 \u23f0<\/li>\n\n\n\n<li>31 mars : P\u00e2ques \ud83d\udc23<\/li>\n<\/ul>\n\n\n\n<p>On se retrouve bient\u00f4t pour la liste des dates clefs de avril, mai, juin pour animer vos r\u00e9seaux sociaux !<\/p>\n","protected":false},"excerpt":{"rendered":"<p>2024 est sur le point de montrer le bout de [&hellip;]<\/p>\n","protected":false},"author":2,"featured_media":2518,"comment_status":"closed","ping_status":"closed","sticky":false,"template":"","format":"standard","meta":{"footnotes":""},"categories":[1,33],"tags":[],"class_list":["post-2521","post","type-post","status-publish","format-standard","has-post-thumbnail","hentry","category-non-categorise","category-social-media-marketing"],"aioseo_notices":[],"_links":{"self":[{"href":"https:\/\/www.dailyfy.co\/fr\/wp-json\/wp\/v2\/posts\/2521","targetHints":{"allow":["GET"]}}],"collection":[{"href":"https:\/\/www.dailyfy.co\/fr\/wp-json\/wp\/v2\/posts"}],"about":[{"href":"https:\/\/www.dailyfy.co\/fr\/wp-json\/wp\/v2\/types\/post"}],"author":[{"embeddable":true,"href":"https:\/\/www.dailyfy.co\/fr\/wp-json\/wp\/v2\/users\/2"}],"replies":[{"embeddable":true,"href":"https:\/\/www.dailyfy.co\/fr\/wp-json\/wp\/v2\/comments?post=2521"}],"version-history":[{"count":2,"href":"https:\/\/www.dailyfy.co\/fr\/wp-json\/wp\/v2\/posts\/2521\/revisions"}],"predecessor-version":[{"id":2527,"href":"https:\/\/www.dailyfy.co\/fr\/wp-json\/wp\/v2\/posts\/2521\/revisions\/2527"}],"wp:featuredmedia":[{"embeddable":true,"href":"https:\/\/www.dailyfy.co\/fr\/wp-json\/wp\/v2\/media\/2518"}],"wp:attachment":[{"href":"https:\/\/www.dailyfy.co\/fr\/wp-json\/wp\/v2\/media?parent=2521"}],"wp:term":[{"taxonomy":"category","embeddable":true,"href":"https:\/\/www.dailyfy.co\/fr\/wp-json\/wp\/v2\/categories?post=2521"},{"taxonomy":"post_tag","embeddable":true,"href":"https:\/\/www.dailyfy.co\/fr\/wp-json\/wp\/v2\/tags?post=2521"}],"curies":[{"name":"wp","href":"https:\/\/api.w.org\/{rel}","templated":true}]}}