{"id":2278,"date":"2023-09-28T07:12:46","date_gmt":"2023-09-28T07:12:46","guid":{"rendered":"https:\/\/www.dailyfy.co\/?p=2278"},"modified":"2023-10-02T15:01:20","modified_gmt":"2023-10-02T15:01:20","slug":"calendrier-social-media-4e-trimestre-2023","status":"publish","type":"post","link":"https:\/\/www.dailyfy.co\/fr\/blog\/calendrier-social-media-4e-trimestre-2023\/","title":{"rendered":"Calendrier Social Media &#8211; 4e trimestre 2023"},"content":{"rendered":"\n<p>La fin de l&#8217;ann\u00e9e de 2023 approche \u00e0 grand pas et s&#8217;annonce comme une p\u00e9riode cruciale pour tous ceux qui cherchent \u00e0 briller (encore une fois) sur les r\u00e9seaux sociaux. Avec l&#8217;\u00e9volution rapide des tendances num\u00e9riques et la concurrence croissante dans l&#8217;univers en ligne, il est essentiel de rester \u00e0 l&#8217;aff\u00fbt des dates cl\u00e9s qui fa\u00e7onneront cette fin d&#8217;ann\u00e9e. Que vous soyez un cr\u00e9ateur de contenu, une entreprise ou simplement un utilisateur passionn\u00e9 des r\u00e9seaux sociaux, cet article vous guidera \u00e0 travers les moments incontournables de cette p\u00e9riode, mettant en lumi\u00e8re <strong>les opportunit\u00e9s et les dates clefs pour maximiser votre impact et votre succ\u00e8s sur ces plateformes sociales. <\/strong>Pr\u00e9parez-vous \u00e0 d\u00e9couvrir les <strong>incontournables du calendrier<\/strong> sur lesquels miser <strong>pour performer sur les r\u00e9seaux sociaux en ce quatri\u00e8me trimestre 2023.<\/strong><\/p>\n\n\n\n<figure class=\"wp-block-image size-large\"><img fetchpriority=\"high\" decoding=\"async\" width=\"1024\" height=\"646\" src=\"https:\/\/www.dailyfy.co\/wp-content\/uploads\/2023\/09\/OCTOBRE-1024x646.jpg\" alt=\"Paysage d'automne pour le calendrier social media d'Octobre\" class=\"wp-image-2283\" srcset=\"https:\/\/www.dailyfy.co\/wp-content\/uploads\/2023\/09\/OCTOBRE-1024x646.jpg 1024w, https:\/\/www.dailyfy.co\/wp-content\/uploads\/2023\/09\/OCTOBRE-300x189.jpg 300w, https:\/\/www.dailyfy.co\/wp-content\/uploads\/2023\/09\/OCTOBRE-768x484.jpg 768w, https:\/\/www.dailyfy.co\/wp-content\/uploads\/2023\/09\/OCTOBRE-650x410.jpg 650w, https:\/\/www.dailyfy.co\/wp-content\/uploads\/2023\/09\/OCTOBRE.jpg 1200w\" sizes=\"(max-width: 1024px) 100vw, 1024px\" \/><\/figure>\n\n\n\n<div id=\"ez-toc-container\" class=\"ez-toc-v2_0_69_1 ez-toc-wrap-center counter-hierarchy ez-toc-counter ez-toc-black ez-toc-container-direction\">\n<div class=\"ez-toc-title-container\">\n<p class=\"ez-toc-title \" >Table des mati&egrave;res<\/p>\n<span class=\"ez-toc-title-toggle\"><a href=\"#\" class=\"ez-toc-pull-right ez-toc-btn ez-toc-btn-xs ez-toc-btn-default ez-toc-toggle\" aria-label=\"Toggle Table of Content\"><span class=\"ez-toc-js-icon-con\"><span class=\"\"><span class=\"eztoc-hide\" style=\"display:none;\">Toggle<\/span><span class=\"ez-toc-icon-toggle-span\"><svg style=\"fill: #999;color:#999\" xmlns=\"http:\/\/www.w3.org\/2000\/svg\" class=\"list-377408\" width=\"20px\" height=\"20px\" viewBox=\"0 0 24 24\" fill=\"none\"><path d=\"M6 6H4v2h2V6zm14 0H8v2h12V6zM4 11h2v2H4v-2zm16 0H8v2h12v-2zM4 16h2v2H4v-2zm16 0H8v2h12v-2z\" fill=\"currentColor\"><\/path><\/svg><svg style=\"fill: #999;color:#999\" class=\"arrow-unsorted-368013\" xmlns=\"http:\/\/www.w3.org\/2000\/svg\" width=\"10px\" height=\"10px\" viewBox=\"0 0 24 24\" version=\"1.2\" baseProfile=\"tiny\"><path d=\"M18.2 9.3l-6.2-6.3-6.2 6.3c-.2.2-.3.4-.3.7s.1.5.3.7c.2.2.4.3.7.3h11c.3 0 .5-.1.7-.3.2-.2.3-.5.3-.7s-.1-.5-.3-.7zM5.8 14.7l6.2 6.3 6.2-6.3c.2-.2.3-.5.3-.7s-.1-.5-.3-.7c-.2-.2-.4-.3-.7-.3h-11c-.3 0-.5.1-.7.3-.2.2-.3.5-.3.7s.1.5.3.7z\"\/><\/svg><\/span><\/span><\/span><\/a><\/span><\/div>\n<nav><ul class='ez-toc-list ez-toc-list-level-1 ' ><li class='ez-toc-page-1 ez-toc-heading-level-2'><a class=\"ez-toc-link ez-toc-heading-1\" href=\"https:\/\/www.dailyfy.co\/fr\/blog\/calendrier-social-media-4e-trimestre-2023\/#Les_dates_clefs_dOctobre\" title=\"Les dates clefs d&#8217;Octobre\">Les dates clefs d&#8217;Octobre<\/a><\/li><li class='ez-toc-page-1 ez-toc-heading-level-2'><a class=\"ez-toc-link ez-toc-heading-2\" href=\"https:\/\/www.dailyfy.co\/fr\/blog\/calendrier-social-media-4e-trimestre-2023\/#Les_dates_clefs_de_Novembre_2023\" title=\"Les dates clefs de Novembre 2023\">Les dates clefs de Novembre 2023<\/a><\/li><li class='ez-toc-page-1 ez-toc-heading-level-2'><a class=\"ez-toc-link ez-toc-heading-3\" href=\"https:\/\/www.dailyfy.co\/fr\/blog\/calendrier-social-media-4e-trimestre-2023\/#Les_dates_clefs_de_Decembre_2023\" title=\"Les dates clefs de D\u00e9cembre 2023\">Les dates clefs de D\u00e9cembre 2023<\/a><\/li><\/ul><\/nav><\/div>\n<h2 class=\"wp-block-heading\"><span class=\"ez-toc-section\" id=\"Les_dates_clefs_dOctobre\"><\/span>Les dates clefs d&#8217;Octobre<span class=\"ez-toc-section-end\"><\/span><\/h2>\n\n\n\n<ul class=\"wp-block-list\">\n<li>01-31 octobre : Octobre Rose \ud83c\udf80<\/li>\n\n\n\n<li>01 octobre : Journ\u00e9e Internationale pour les personnes \u00e2g\u00e9es \ud83e\uddd3<\/li>\n\n\n\n<li>01 octobre : Journ\u00e9e Internationale du caf\u00e9 \u2615\ufe0f<\/li>\n\n\n\n<li>01 octobre : Journ\u00e9e Internationale du chocolat \ud83c\udf6b<\/li>\n\n\n\n<li>01 octobre : Journ\u00e9e Internationale du v\u00e9g\u00e9tarisme \ud83e\udd55<\/li>\n\n\n\n<li>01 octobre : Journ\u00e9e Internationale de la musique \ud83c\udfb9<\/li>\n\n\n\n<li>01 octobre : F\u00eate des Grands-P\u00e8res \ud83d\udc74<\/li>\n\n\n\n<li>02 octobre : Journ\u00e9e Internationale de la non-violence \u262e\ufe0f<\/li>\n\n\n\n<li>02 octobre : Journ\u00e9e Mondiale de l&#8217;habitat \ud83c\udfe0<\/li>\n\n\n\n<li>02 octobre : Journ\u00e9e Nationale des Sapeurs-Pompiers \ud83e\uddd1\u200d\ud83d\ude92<\/li>\n\n\n\n<li>03 octobre : Cl\u00f4ture de la Paris Fashion Week 2023 \ud83d\udc57<\/li>\n\n\n\n<li>03 octobre : Journ\u00e9e Nationale des &#8220;petit(e)s-ami(e)s&#8221; \ud83d\ude18<\/li>\n\n\n\n<li>04 octobre : Journ\u00e9e Nationale des aveugles et malvoyant(e)s \ud83e\uddd1\u200d\ud83e\uddaf<\/li>\n\n\n\n<li>04 octobre : Journ\u00e9e Nationale des animaux \ud83d\udc3e<\/li>\n\n\n\n<li>05 octobre : Journ\u00e9e Mondiale des enseignant(e)s \ud83e\uddd1\u200d\ud83c\udfeb<\/li>\n\n\n\n<li>06 octobre : Journ\u00e9e Nationale des aidant(e)s \ud83e\udd0d<\/li>\n\n\n\n<li>07 octobre : Journ\u00e9e Mondiale du coton \u26aa\ufe0f<\/li>\n\n\n\n<li>07 octobre : Journ\u00e9e Mondiale du sourire \ud83d\ude01<\/li>\n\n\n\n<li>08 octobre : Journ\u00e9e Mondiale des oiseaux migrateurs \ud83e\udda9<\/li>\n\n\n\n<li>09 octobre : Journ\u00e9e Mondiale du handicap \u267f\ufe0f<\/li>\n\n\n\n<li>10 octobre : Journ\u00e9e Mondiale de la sant\u00e9 mentale \ud83d\ude4c<\/li>\n\n\n\n<li>10 octobre : 20 ans du film Kill Bill (Q. Tarantino) \u26a0\ufe0f<\/li>\n\n\n\n<li>11 octobre : Journ\u00e9e Internationale du coming-out \ud83c\udff3\ufe0f\u200d\ud83c\udf08<\/li>\n\n\n\n<li>13-14-15 octobre : Journ\u00e9es Nationales de l&#8217;Architecture (8e \u00e9dition) \ud83c\udfdb<\/li>\n\n\n\n<li>13 octobre : Journ\u00e9e Nationale de la s\u00e9curit\u00e9 routi\u00e8re \ud83d\udee3<\/li>\n\n\n\n<li>13 octobre : Vendredi 13 \u2602\ufe0f<\/li>\n\n\n\n<li>13 octobre : Journ\u00e9e Internationale du hamburger \ud83c\udf54<\/li>\n\n\n\n<li>13 octobre : Journ\u00e9e Mondiale pour la vue \ud83d\udc53<\/li>\n\n\n\n<li>13 octobre : Journ\u00e9e Internationale de la pr\u00e9vention des catastrophes naturelles \ud83c\udf2a<\/li>\n\n\n\n<li>14 octobre : Journ\u00e9e Mondiale de l&#8217;oeuf \ud83c\udf73<\/li>\n\n\n\n<li>14 octobre : Journ\u00e9e Nationale pour la qualit\u00e9 de l&#8217;air \ud83c\udf2c<\/li>\n\n\n\n<li>15 octobre : Journ\u00e9e Mondiale de la sensibilisation au deuil p\u00e9rinatal \ud83d\udc7c<\/li>\n\n\n\n<li>15 octobre : Journ\u00e9e Nationale des DYS \ud83d\udc9b<\/li>\n\n\n\n<li>16 octobre : 100 ans de la Walt Disney Company \ud83c\udf82<\/li>\n\n\n\n<li>16 octobre : Journ\u00e9e Mondiale de la l&#8217;alimentation \ud83e\udd57<\/li>\n\n\n\n<li>16 octobre : Journ\u00e9e Mondiale du pain \ud83e\udd56<\/li>\n\n\n\n<li>18 octobre : Journ\u00e9e Mondiale de la m\u00e9nopause \ud83e\ude78<\/li>\n\n\n\n<li>19 octobre : Journ\u00e9e Mondiale de la statistique \ud83d\udcca<\/li>\n\n\n\n<li>19 octobre : Journ\u00e9e Mondiale des cuisinier(e)s \ud83e\uddd1\u200d\ud83c\udf73<\/li>\n\n\n\n<li>22 octobre : F\u00eate des parrains\/marraines \ud83d\udc6a<\/li>\n\n\n\n<li>22 octobre : Journ\u00e9e Mondiale de l&#8217;\u00e9nergie \ud83d\udd0b<\/li>\n\n\n\n<li>24 octobre : Journ\u00e9e des Nations Unies \ud83e\udd1d<\/li>\n\n\n\n<li>25 octobre : Journ\u00e9e Mondiale des p\u00e2tes \ud83c\udf5d<\/li>\n\n\n\n<li>25 octobre : Journ\u00e9e Europ\u00e9enne de la Justice \u2696\ufe0f<\/li>\n\n\n\n<li>25 octobre : 45 ans du film Halloween (J. Charpentier) \ud83c\udf83<\/li>\n\n\n\n<li>27 octobre : Journ\u00e9e Europ\u00e9enne de la d\u00e9pression \ud83d\ude36\u200d\ud83c\udf2b\ufe0f<\/li>\n\n\n\n<li>27 octobre : Journ\u00e9e Mondiale du champagne \ud83c\udf7e<\/li>\n\n\n\n<li>28 octobre : Journ\u00e9e Internationale de la langue et de la culture cr\u00e9ole \ud83c\udfdd<\/li>\n\n\n\n<li>28 octobre : Finale de la Coupe du Monde de Rugby 2023 \ud83c\udfc9<\/li>\n\n\n\n<li>29 octobre : Passage \u00e0 l&#8217;heure d&#8217;hiver \u23f0<\/li>\n\n\n\n<li>31 octobre : Journ\u00e9e mondiale des villes \ud83c\udfd9<\/li>\n\n\n\n<li>31 octobre : Halloween \ud83d\udc7b<\/li>\n<\/ul>\n\n\n\n<figure class=\"wp-block-image size-large\"><img decoding=\"async\" width=\"1024\" height=\"646\" src=\"https:\/\/www.dailyfy.co\/wp-content\/uploads\/2023\/09\/NOVEMBRE-1024x646.jpg\" alt=\"Paysage d'automne pour le calendrier social media de Novembre\" class=\"wp-image-2282\" srcset=\"https:\/\/www.dailyfy.co\/wp-content\/uploads\/2023\/09\/NOVEMBRE-1024x646.jpg 1024w, https:\/\/www.dailyfy.co\/wp-content\/uploads\/2023\/09\/NOVEMBRE-300x189.jpg 300w, https:\/\/www.dailyfy.co\/wp-content\/uploads\/2023\/09\/NOVEMBRE-768x484.jpg 768w, https:\/\/www.dailyfy.co\/wp-content\/uploads\/2023\/09\/NOVEMBRE-650x410.jpg 650w, https:\/\/www.dailyfy.co\/wp-content\/uploads\/2023\/09\/NOVEMBRE.jpg 1200w\" sizes=\"(max-width: 1024px) 100vw, 1024px\" \/><\/figure>\n\n\n\n<h2 class=\"wp-block-heading\"><span class=\"ez-toc-section\" id=\"Les_dates_clefs_de_Novembre_2023\"><\/span>Les dates clefs de Novembre 2023<span class=\"ez-toc-section-end\"><\/span><\/h2>\n\n\n\n<ul class=\"wp-block-list\">\n<li>01 &#8211; 30 novembre : Movember \ud83e\udd78<\/li>\n\n\n\n<li>01 novembre : Toussaint \ud83d\udc7c<\/li>\n\n\n\n<li>01 novembre : Journ\u00e9e Mondiale V\u00e9gane \ud83c\udf45<\/li>\n\n\n\n<li>03 novembre : Journ\u00e9e Mondiale de la gentillesse \ud83d\udc95<\/li>\n\n\n\n<li>04 novembre : Journ\u00e9e du bon sens \u2705<\/li>\n\n\n\n<li>05 novembre : Journ\u00e9e Mondiale de la sensibilisation aux tsunamis \ud83c\udf0a<\/li>\n\n\n\n<li>06 novembre : Journ\u00e9e mondiale sans papier \ud83d\udcc4<\/li>\n\n\n\n<li>08 novembre : Journ\u00e9e Internationale de la radiologie \u2622\ufe0f<\/li>\n\n\n\n<li>10 novembre : Journ\u00e9e Nationale de la lutte contre le harc\u00e8lement scolaire \ud83c\udf93<\/li>\n\n\n\n<li>10 novembre : Journ\u00e9e des stagiaires \ud83e\uddd1\u200d\ud83d\udcbb<\/li>\n\n\n\n<li>11 novembre : Armistice \ud83d\udd4a<\/li>\n\n\n\n<li>11 novembre : Journ\u00e9e Internationale des c\u00e9libataires \ud83e\uddd1<\/li>\n\n\n\n<li>12 novembre : Diwali \ud83c\udf08<\/li>\n\n\n\n<li>13 novembre : Journ\u00e9e mondiale contre la pauvret\u00e9 \ud83d\ude4c<\/li>\n\n\n\n<li>14 novembre : Journ\u00e9e Mondiale du diab\u00e8te \ud83c\udf6d<\/li>\n\n\n\n<li>16 novembre : Journ\u00e9e Mondiale de la tol\u00e9rance \ud83d\ude4b<\/li>\n\n\n\n<li>17 novembre : Journ\u00e9e Mondiale de la pr\u00e9maturit\u00e9 \ud83d\udc23<\/li>\n\n\n\n<li>17 novembre : Journ\u00e9e Mondiale de la philosophie \ud83e\uddd0<\/li>\n\n\n\n<li>18 &#8211; 26 novembre : Semaine Europ\u00e9enne de r\u00e9duction des d\u00e9chets \ud83d\udeae<\/li>\n\n\n\n<li>18 novembre : Journ\u00e9e Mondiale de l&#8217;olivier \ud83e\uded2<\/li>\n\n\n\n<li>18 novembre : Journ\u00e9e Mondiale du jeu vid\u00e9o \ud83d\udc7e<\/li>\n\n\n\n<li>20 novembre : Journ\u00e9e Mondiale de l&#8217;enfance \ud83e\uddd2<\/li>\n\n\n\n<li>21 novembre : Journ\u00e9e Mondiale de la t\u00e9l\u00e9vision \ud83d\udcfa<\/li>\n\n\n\n<li>23 novembre : Thanksgiving \ud83d\ude4f<\/li>\n\n\n\n<li>24 novembre : Green Friday \ud83d\udc9a<\/li>\n\n\n\n<li>24 novembre : 30 ans du film Mme Doubtfire (C. Colombus) \ud83d\udc75<\/li>\n\n\n\n<li>25 novembre : Journ\u00e9e sans achat \ud83d\udcb8<\/li>\n\n\n\n<li>25 novembre : Journ\u00e9e Internationale pour l&#8217;\u00e9limination de la violence \u00e0 l&#8217;\u00e9gard des femmes \ud83d\udc69<\/li>\n\n\n\n<li>26 novembre : Journ\u00e9e Internationale des aides-soignant(e)s \ud83d\udc68\u200d\u2695\ufe0f<\/li>\n\n\n\n<li>28 novembre : Journ\u00e9e nationale de la sant\u00e9 \u00e0 domicile \ud83e\ude7a<\/li>\n\n\n\n<li>29 novembre : Journ\u00e9e mondiale de la g\u00e9n\u00e9rosit\u00e9 \ud83d\udc99<\/li>\n<\/ul>\n\n\n\n<figure class=\"wp-block-image size-large\"><img decoding=\"async\" width=\"1024\" height=\"646\" src=\"https:\/\/www.dailyfy.co\/wp-content\/uploads\/2023\/09\/DECEMBRE-1024x646.jpg\" alt=\"Paysage d'hiver pour le calendrier social media de D\u00e9cembre\" class=\"wp-image-2281\" srcset=\"https:\/\/www.dailyfy.co\/wp-content\/uploads\/2023\/09\/DECEMBRE-1024x646.jpg 1024w, https:\/\/www.dailyfy.co\/wp-content\/uploads\/2023\/09\/DECEMBRE-300x189.jpg 300w, https:\/\/www.dailyfy.co\/wp-content\/uploads\/2023\/09\/DECEMBRE-768x484.jpg 768w, https:\/\/www.dailyfy.co\/wp-content\/uploads\/2023\/09\/DECEMBRE-650x410.jpg 650w, https:\/\/www.dailyfy.co\/wp-content\/uploads\/2023\/09\/DECEMBRE.jpg 1200w\" sizes=\"(max-width: 1024px) 100vw, 1024px\" \/><\/figure>\n\n\n\n<h2 class=\"wp-block-heading\"><span class=\"ez-toc-section\" id=\"Les_dates_clefs_de_Decembre_2023\"><\/span>Les dates clefs de D\u00e9cembre 2023<span class=\"ez-toc-section-end\"><\/span><\/h2>\n\n\n\n<ul class=\"wp-block-list\">\n<li>01 d\u00e9cembre : D\u00e9but de l&#8217;Avent \ud83d\udd6f<\/li>\n\n\n\n<li>01 d\u00e9cembre : Journ\u00e9e Mondiale de la lutte contre le sida \ud83d\udc8f<\/li>\n\n\n\n<li>02 d\u00e9cembre : Journ\u00e9e Internationale pour l&#8217;abolition de l&#8217;esclavage \u26d3<\/li>\n\n\n\n<li>02 d\u00e9cembre : Journ\u00e9e de la samba \ud83d\udc83<\/li>\n\n\n\n<li>03 d\u00e9cembre : Premier dimanche de l&#8217;Avent \ud83d\udd6f<\/li>\n\n\n\n<li>03 d\u00e9cembre : Journ\u00e9e Internationale des personnes en situation de handicap \u267f\ufe0f<\/li>\n\n\n\n<li>04 d\u00e9cembre : Journ\u00e9e Internationale des banques \ud83d\udcb0<\/li>\n\n\n\n<li>05 d\u00e9cembre : Journ\u00e9e mondiale du b\u00e9n\u00e9volat \ud83d\ude4b<\/li>\n\n\n\n<li>05 d\u00e9cembre : Journ\u00e9e Mondiale de l&#8217;\u00e9galit\u00e9 des chances \ud83d\udc6b<\/li>\n\n\n\n<li>05 d\u00e9cembre : Journ\u00e9e Internationale du Ninja \ud83e\udd77<\/li>\n\n\n\n<li>07 &#8211; 15 d\u00e9cembre : Hanoukka \ud83d\udd4e<\/li>\n\n\n\n<li>07 d\u00e9cembre : Journ\u00e9e Internationale de l&#8217;aviation civile \u2708\ufe0f<\/li>\n\n\n\n<li>08-09 d\u00e9cembre : T\u00e9l\u00e9thon \ud83e\uddd1\u200d\ud83e\uddbc<\/li>\n\n\n\n<li>08 d\u00e9cembre : Journ\u00e9e Mondiale du climat \ud83c\udf0d<\/li>\n\n\n\n<li>09 d\u00e9cembre : Journ\u00e9e Nationale de la la\u00efcit\u00e9 \u262e\ufe0f<\/li>\n\n\n\n<li>09 d\u00e9cembre : Journ\u00e9e Nationale de la pr\u00e9vention des g\u00e9nocides \ud83d\udd4a<\/li>\n\n\n\n<li>09 d\u00e9cembre : 40 ans du film Scarface (B. De Palma) \ud83d\udd2b<\/li>\n\n\n\n<li>10 d\u00e9cembre : Journ\u00e9e Mondiale des droits de l&#8217;Homme \u2696\ufe0f<\/li>\n\n\n\n<li>10 d\u00e9cembre : Journ\u00e9e Internationale pour les droits des animaux \ud83d\udc3e<\/li>\n\n\n\n<li>11 d\u00e9cembre : Journ\u00e9e Internationale de la montagne \u26f0<\/li>\n\n\n\n<li>12 d\u00e9cembre : Journ\u00e9e Internationale de la musique m\u00e9tal \ud83e\uddd1\u200d\ud83c\udfa4<\/li>\n\n\n\n<li>13 d\u00e9cembre : Journ\u00e9e Internationale de la raclette \ud83e\uddc0<\/li>\n\n\n\n<li>14 d\u00e9cembre : Journ\u00e9e Mondiale du rien du tout \u26aa\ufe0f<\/li>\n\n\n\n<li>15 d\u00e9cembre : Journ\u00e9e Universelle de l&#8217;Esperanto \ud83d\uddfa<\/li>\n\n\n\n<li>15 d\u00e9cembre : 30 ans du film La Liste de Schindler (S. Spielberg) \ud83d\udd4a<\/li>\n\n\n\n<li>16 d\u00e9cembre : Journ\u00e9e Internationale du pull de No\u00ebl \ud83c\udf84<\/li>\n\n\n\n<li>16 d\u00e9cembre : Election de Miss France 2024 \ud83d\udc78<\/li>\n\n\n\n<li>18 d\u00e9cembre : Journ\u00e9e Mondiale de la langue arabe \ud83d\udde3<\/li>\n\n\n\n<li>20 d\u00e9cembre : Journ\u00e9e Internationale de la solidarit\u00e9 humaine \ud83e\udd1d<\/li>\n\n\n\n<li>21 d\u00e9cembre : Journ\u00e9e mondiale de l&#8217;orgasme \ud83c\udf89<\/li>\n\n\n\n<li>22 d\u00e9cembre : Solstice d&#8217;hiver \u2744\ufe0f<\/li>\n\n\n\n<li>24 d\u00e9cembre : R\u00e9veillon de No\u00ebl \ud83e\udd42<\/li>\n\n\n\n<li>25 d\u00e9cembre : No\u00ebl \ud83c\udf84<\/li>\n\n\n\n<li>26 d\u00e9cembre : 50 ans du film l&#8217;Exorciste (W. Frieddkin) \ud83d\ude31<\/li>\n\n\n\n<li>27 d\u00e9cembre : Journ\u00e9e Internationale de pr\u00e9paration aux \u00e9pid\u00e9mie \ud83e\udda0<\/li>\n\n\n\n<li>31 d\u00e9cembre : Saint-Sylvestre \ud83e\udd42<\/li>\n<\/ul>\n\n\n\n<p>On se retrouve bient\u00f4t pour la liste des dates clefs de janvier, f\u00e9vrier et mars 2023 pour animer vos r\u00e9seaux sociaux !<\/p>\n","protected":false},"excerpt":{"rendered":"<p>La fin de l&#8217;ann\u00e9e de 2023 approche \u00e0 grand pas [&hellip;]<\/p>\n","protected":false},"author":2,"featured_media":2279,"comment_status":"closed","ping_status":"closed","sticky":false,"template":"","format":"standard","meta":{"footnotes":""},"categories":[19,23,21,27,29,33,25,31],"tags":[],"class_list":["post-2278","post","type-post","status-publish","format-standard","has-post-thumbnail","hentry","category-facebook","category-google","category-instagram","category-linkedin","category-pinterest","category-social-media-marketing","category-tiktok","category-x-twitter"],"aioseo_notices":[],"_links":{"self":[{"href":"https:\/\/www.dailyfy.co\/fr\/wp-json\/wp\/v2\/posts\/2278","targetHints":{"allow":["GET"]}}],"collection":[{"href":"https:\/\/www.dailyfy.co\/fr\/wp-json\/wp\/v2\/posts"}],"about":[{"href":"https:\/\/www.dailyfy.co\/fr\/wp-json\/wp\/v2\/types\/post"}],"author":[{"embeddable":true,"href":"https:\/\/www.dailyfy.co\/fr\/wp-json\/wp\/v2\/users\/2"}],"replies":[{"embeddable":true,"href":"https:\/\/www.dailyfy.co\/fr\/wp-json\/wp\/v2\/comments?post=2278"}],"version-history":[{"count":6,"href":"https:\/\/www.dailyfy.co\/fr\/wp-json\/wp\/v2\/posts\/2278\/revisions"}],"predecessor-version":[{"id":2377,"href":"https:\/\/www.dailyfy.co\/fr\/wp-json\/wp\/v2\/posts\/2278\/revisions\/2377"}],"wp:featuredmedia":[{"embeddable":true,"href":"https:\/\/www.dailyfy.co\/fr\/wp-json\/wp\/v2\/media\/2279"}],"wp:attachment":[{"href":"https:\/\/www.dailyfy.co\/fr\/wp-json\/wp\/v2\/media?parent=2278"}],"wp:term":[{"taxonomy":"category","embeddable":true,"href":"https:\/\/www.dailyfy.co\/fr\/wp-json\/wp\/v2\/categories?post=2278"},{"taxonomy":"post_tag","embeddable":true,"href":"https:\/\/www.dailyfy.co\/fr\/wp-json\/wp\/v2\/tags?post=2278"}],"curies":[{"name":"wp","href":"https:\/\/api.w.org\/{rel}","templated":true}]}}